{"id":126846,"date":"2021-09-12T16:59:41","date_gmt":"2021-09-12T20:59:41","guid":{"rendered":"https:\/\/linitiative.ca\/International\/kerkennah-sonotrak-photos-le-loud-hached-reprend-service-apres-une-interruption-de-4-ans\/"},"modified":"2021-09-12T16:59:41","modified_gmt":"2021-09-12T20:59:41","slug":"kerkennah-sonotrak-photos-le-loud-hached-reprend-service-apres-une-interruption-de-4-ans","status":"publish","type":"post","link":"https:\/\/linitiative.ca\/International\/kerkennah-sonotrak-photos-le-loud-hached-reprend-service-apres-une-interruption-de-4-ans\/","title":{"rendered":"Kerkennah-SONOTRAK [PHOTOS] : Le loud Hached reprend service apr\u00e8s une interruption de 4 ans"},"content":{"rendered":"<div>\n<p>Le minist\u00e8re des Transports a annonc\u00e9 dans un communiqu\u00e9 rendu public sur sa page, que le Loud Hached a repris aujourd\u2019hui dimanche 12 septembre 2021, ses dessertes entre Sfax et l\u2019\u00eele de Kerkennah, apr\u00e8s une interruption de quatre ans. En effet, ce loud renforcera la flotte de la Soci\u00e9t\u00e9 Nouvelle de Transport de Kerkennah -SONOTRAK [\u2026]<\/p>\n<p>L\u2019article <a href=\"https:\/\/www.tunisienumerique.com\/kerkennah-sonotrak-photos-le-loud-hached-reprend-service-apres-une-interruption-de-4-ans\/\">Kerkennah-SONOTRAK [PHOTOS] : Le loud Hached reprend service apr\u00e8s une interruption de 4 ans<\/a> est apparu en premier sur <a href=\"https:\/\/www.tunisienumerique.com\/\">Tunisie<\/a>.<\/p>\n<\/div>\n<p>Auteur: rania ben slimane<br \/>\n<a href=\"https:\/\/www.tunisienumerique.com\/kerkennah-sonotrak-photos-le-loud-hached-reprend-service-apres-une-interruption-de-4-ans\/\">Cliquez ici pour lire l&rsquo;article depuis sa source.<\/a><\/p>\n","protected":false},"excerpt":{"rendered":"<p>Le minist\u00e8re des Transports a annonc\u00e9 dans un communiqu\u00e9 rendu public sur sa page, que le Loud Hached a repris aujourd\u2019hui dimanche 12 septembre 2021, ses dessertes entre Sfax et l\u2019\u00eele de Kerkennah, apr\u00e8s une interruption de quatre ans. En effet, ce loud renforcera la flotte de la Soci\u00e9t\u00e9 Nouvelle de Transport de Kerkennah -SONOTRAK [&hellip;]<\/p>\n","protected":false},"author":1789,"featured_media":0,"comment_status":"closed","ping_status":"closed","sticky":false,"template":"","format":"standard","meta":{"fifu_image_url":"","fifu_image_alt":"","footnotes":""},"categories":[73,55],"tags":[],"class_list":["post-126846","post","type-post","status-publish","format-standard","hentry","category-actualite","category-tunisie"],"_links":{"self":[{"href":"https:\/\/linitiative.ca\/International\/wp-json\/wp\/v2\/posts\/126846","targetHints":{"allow":["GET"]}}],"collection":[{"href":"https:\/\/linitiative.ca\/International\/wp-json\/wp\/v2\/posts"}],"about":[{"href":"https:\/\/linitiative.ca\/International\/wp-json\/wp\/v2\/types\/post"}],"author":[{"embeddable":true,"href":"https:\/\/linitiative.ca\/International\/wp-json\/wp\/v2\/users\/1789"}],"replies":[{"embeddable":true,"href":"https:\/\/linitiative.ca\/International\/wp-json\/wp\/v2\/comments?post=126846"}],"version-history":[{"count":0,"href":"https:\/\/linitiative.ca\/International\/wp-json\/wp\/v2\/posts\/126846\/revisions"}],"wp:attachment":[{"href":"https:\/\/linitiative.ca\/International\/wp-json\/wp\/v2\/media?parent=126846"}],"wp:term":[{"taxonomy":"category","embeddable":true,"href":"https:\/\/linitiative.ca\/International\/wp-json\/wp\/v2\/categories?post=126846"},{"taxonomy":"post_tag","embeddable":true,"href":"https:\/\/linitiative.ca\/International\/wp-json\/wp\/v2\/tags?post=126846"}],"curies":[{"name":"wp","href":"https:\/\/api.w.org\/{rel}","templated":true}]}}