{"id":126848,"date":"2021-09-12T15:22:33","date_gmt":"2021-09-12T19:22:33","guid":{"rendered":"https:\/\/linitiative.ca\/International\/transition-politique-en-guinee\/"},"modified":"2021-09-12T15:22:33","modified_gmt":"2021-09-12T19:22:33","slug":"transition-politique-en-guinee","status":"publish","type":"post","link":"https:\/\/linitiative.ca\/International\/transition-politique-en-guinee\/","title":{"rendered":"TRANSITION POLITIQUE EN GUINEE"},"content":{"rendered":"<div>\n<p><img decoding=\"async\" width=\"592\" height=\"296\" src=\"https:\/\/linitiative.ca\/International\/wp-content\/uploads\/sites\/23\/2021\/09\/GUINEE.jpg\" class=\"attachment- size- wp-post-image\" alt=\"\" loading=\"lazy\" style=\"float:left; margin:0 15px 15px 0;\" srcset=\"https:\/\/linitiative.ca\/International\/wp-content\/uploads\/sites\/23\/2021\/09\/GUINEE.jpg 592w, https:\/\/lepays.bf\/wp-content\/uploads\/2021\/09\/GUINEE-300x150.jpg 300w\" sizes=\"auto, (max-width: 592px) 100vw, 592px\">Depuis le 5 septembre 2021, date \u00e0 laquelle les forces sp\u00e9ciales du lieutenant-colonel Mamady Doumbouya, ont d\u00e9pos\u00e9 le pr\u00e9sident Alpha Cond\u00e9, la CEDEAO (Communaut\u00e9 \u00e9conomique des Etats de l\u2019Afrique de l\u2019Ouest), l\u2019UA (Union africaine) et l\u2019ONU (Organisation des nations unies), \u00e0 l\u2019unisson, appellent \u00e0 un retour \u00e0 l\u2019ordre constitutionnel et \u00e0 la lib\u00e9ration de l\u2019ex-pr\u00e9sident. \u2026<\/p>\n<p>L\u2019article <a rel=\"nofollow\" href=\"https:\/\/lepays.bf\/transition-politique-en-guinee\/\">TRANSITION POLITIQUE EN GUINEE<\/a> est apparu en premier sur <a rel=\"nofollow\" href=\"https:\/\/lepays.bf\/\">Editions Le Pays<\/a>.<\/p>\n<\/div>\n<p>Auteur: Editions LEPAYS<br \/>\n<a href=\"https:\/\/lepays.bf\/transition-politique-en-guinee\/\">Cliquez ici pour lire l&rsquo;article depuis sa source.<\/a><\/p>\n","protected":false},"excerpt":{"rendered":"<p>Depuis le 5 septembre 2021, date \u00e0 laquelle les forces sp\u00e9ciales du lieutenant-colonel Mamady Doumbouya, ont d\u00e9pos\u00e9 le pr\u00e9sident Alpha Cond\u00e9, la CEDEAO (Communaut\u00e9 \u00e9conomique des Etats de l\u2019Afrique de l\u2019Ouest), l\u2019UA (Union africaine) et l\u2019ONU (Organisation des nations unies), \u00e0 l\u2019unisson, appellent \u00e0 un retour \u00e0 l\u2019ordre constitutionnel et \u00e0 la lib\u00e9ration de l\u2019ex-pr\u00e9sident. [&hellip;]<\/p>\n","protected":false},"author":1813,"featured_media":0,"comment_status":"closed","ping_status":"closed","sticky":false,"template":"","format":"standard","meta":{"fifu_image_url":"https:\/\/lepays.bf\/wp-content\/uploads\/2021\/09\/GUINEE.jpg","fifu_image_alt":"TRANSITION POLITIQUE EN GUINEE","footnotes":""},"categories":[73,81],"tags":[],"class_list":["post-126848","post","type-post","status-publish","format-standard","hentry","category-actualite","category-burkina-faso"],"_links":{"self":[{"href":"https:\/\/linitiative.ca\/International\/wp-json\/wp\/v2\/posts\/126848","targetHints":{"allow":["GET"]}}],"collection":[{"href":"https:\/\/linitiative.ca\/International\/wp-json\/wp\/v2\/posts"}],"about":[{"href":"https:\/\/linitiative.ca\/International\/wp-json\/wp\/v2\/types\/post"}],"author":[{"embeddable":true,"href":"https:\/\/linitiative.ca\/International\/wp-json\/wp\/v2\/users\/1813"}],"replies":[{"embeddable":true,"href":"https:\/\/linitiative.ca\/International\/wp-json\/wp\/v2\/comments?post=126848"}],"version-history":[{"count":0,"href":"https:\/\/linitiative.ca\/International\/wp-json\/wp\/v2\/posts\/126848\/revisions"}],"wp:attachment":[{"href":"https:\/\/linitiative.ca\/International\/wp-json\/wp\/v2\/media?parent=126848"}],"wp:term":[{"taxonomy":"category","embeddable":true,"href":"https:\/\/linitiative.ca\/International\/wp-json\/wp\/v2\/categories?post=126848"},{"taxonomy":"post_tag","embeddable":true,"href":"https:\/\/linitiative.ca\/International\/wp-json\/wp\/v2\/tags?post=126848"}],"curies":[{"name":"wp","href":"https:\/\/api.w.org\/{rel}","templated":true}]}}