{"id":126850,"date":"2021-09-12T15:27:11","date_gmt":"2021-09-12T19:27:11","guid":{"rendered":"https:\/\/linitiative.ca\/International\/deby-fils-au-qatar\/"},"modified":"2021-09-12T15:27:11","modified_gmt":"2021-09-12T19:27:11","slug":"deby-fils-au-qatar","status":"publish","type":"post","link":"https:\/\/linitiative.ca\/International\/deby-fils-au-qatar\/","title":{"rendered":"DEBY FILS AU QATAR  \u00a0"},"content":{"rendered":"<div>\n<p><img decoding=\"async\" width=\"592\" height=\"296\" src=\"https:\/\/linitiative.ca\/International\/wp-content\/uploads\/sites\/23\/2021\/09\/DEBY.jpg\" class=\"attachment- size- wp-post-image\" alt=\"\" loading=\"lazy\" style=\"float:left; margin:0 15px 15px 0;\" srcset=\"https:\/\/linitiative.ca\/International\/wp-content\/uploads\/sites\/23\/2021\/09\/DEBY.jpg 592w, https:\/\/lepays.bf\/wp-content\/uploads\/2021\/09\/DEBY-300x150.jpg 300w\" sizes=\"auto, (max-width: 592px) 100vw, 592px\">Le pr\u00e9sident tchadien, Mahamat Idriss D\u00e9by Itno, est arriv\u00e9 le 12 septembre dernier \u00e0 Doha au Qatar pour une \u00ab\u00a0visite d\u2019amiti\u00e9 et de travail\u00a0\u00bb de quarante-huit heures, au cours de laquelle le financement du futur dialogue national inclusif dont il fait son cheval de bataille, sera au menu et au centre des discussions. Le Conseil \u2026<\/p>\n<p>L\u2019article <a rel=\"nofollow\" href=\"https:\/\/lepays.bf\/deby-fils-au-qatar\/\">DEBY FILS AU QATAR  \u00a0<\/a> est apparu en premier sur <a rel=\"nofollow\" href=\"https:\/\/lepays.bf\/\">Editions Le Pays<\/a>.<\/p>\n<\/div>\n<p>Auteur: Editions LEPAYS<br \/>\n<a href=\"https:\/\/lepays.bf\/deby-fils-au-qatar\/\">Cliquez ici pour lire l&rsquo;article depuis sa source.<\/a><\/p>\n","protected":false},"excerpt":{"rendered":"<p>Le pr\u00e9sident tchadien, Mahamat Idriss D\u00e9by Itno, est arriv\u00e9 le 12 septembre dernier \u00e0 Doha au Qatar pour une \u00ab\u00a0visite d\u2019amiti\u00e9 et de travail\u00a0\u00bb de quarante-huit heures, au cours de laquelle le financement du futur dialogue national inclusif dont il fait son cheval de bataille, sera au menu et au centre des discussions. Le Conseil [&hellip;]<\/p>\n","protected":false},"author":1813,"featured_media":0,"comment_status":"closed","ping_status":"closed","sticky":false,"template":"","format":"standard","meta":{"fifu_image_url":"https:\/\/lepays.bf\/wp-content\/uploads\/2021\/09\/DEBY.jpg","fifu_image_alt":"DEBY FILS AU QATAR  \u00a0","footnotes":""},"categories":[73,81],"tags":[],"class_list":["post-126850","post","type-post","status-publish","format-standard","hentry","category-actualite","category-burkina-faso"],"_links":{"self":[{"href":"https:\/\/linitiative.ca\/International\/wp-json\/wp\/v2\/posts\/126850","targetHints":{"allow":["GET"]}}],"collection":[{"href":"https:\/\/linitiative.ca\/International\/wp-json\/wp\/v2\/posts"}],"about":[{"href":"https:\/\/linitiative.ca\/International\/wp-json\/wp\/v2\/types\/post"}],"author":[{"embeddable":true,"href":"https:\/\/linitiative.ca\/International\/wp-json\/wp\/v2\/users\/1813"}],"replies":[{"embeddable":true,"href":"https:\/\/linitiative.ca\/International\/wp-json\/wp\/v2\/comments?post=126850"}],"version-history":[{"count":0,"href":"https:\/\/linitiative.ca\/International\/wp-json\/wp\/v2\/posts\/126850\/revisions"}],"wp:attachment":[{"href":"https:\/\/linitiative.ca\/International\/wp-json\/wp\/v2\/media?parent=126850"}],"wp:term":[{"taxonomy":"category","embeddable":true,"href":"https:\/\/linitiative.ca\/International\/wp-json\/wp\/v2\/categories?post=126850"},{"taxonomy":"post_tag","embeddable":true,"href":"https:\/\/linitiative.ca\/International\/wp-json\/wp\/v2\/tags?post=126850"}],"curies":[{"name":"wp","href":"https:\/\/api.w.org\/{rel}","templated":true}]}}