{"id":126852,"date":"2021-09-12T16:29:25","date_gmt":"2021-09-12T20:29:25","guid":{"rendered":"https:\/\/linitiative.ca\/International\/repression-dune-manif-contre-la-vie-chere-au-senegal\/"},"modified":"2021-09-12T16:29:25","modified_gmt":"2021-09-12T20:29:25","slug":"repression-dune-manif-contre-la-vie-chere-au-senegal","status":"publish","type":"post","link":"https:\/\/linitiative.ca\/International\/repression-dune-manif-contre-la-vie-chere-au-senegal\/","title":{"rendered":"REPRESSION D\u2019UNE MANIF CONTRE LA VIE CHERE AU SENEGAL  \u00a0"},"content":{"rendered":"<div>\n<p><img decoding=\"async\" width=\"243\" height=\"368\" src=\"https:\/\/linitiative.ca\/International\/wp-content\/uploads\/sites\/23\/2021\/09\/MANIFS.jpg\" class=\"attachment- size- wp-post-image\" alt=\"\" loading=\"lazy\" style=\"float:left; margin:0 15px 15px 0;\" srcset=\"https:\/\/linitiative.ca\/International\/wp-content\/uploads\/sites\/23\/2021\/09\/MANIFS.jpg 243w, https:\/\/lepays.bf\/wp-content\/uploads\/2021\/09\/MANIFS-198x300.jpg 198w\" sizes=\"auto, (max-width: 243px) 100vw, 243px\">Des militants de la soci\u00e9t\u00e9 civile ont battu le macadam hier, 12 septembre 2021, au S\u00e9n\u00e9gal, pour protester contre la vie ch\u00e8re. Mais comme c\u2019est de coutume sous nos tropiques, cette marche qui \u00e9tait interdite par les autorit\u00e9s, a \u00e9t\u00e9 violemment r\u00e9prim\u00e9e. Cinq personnes dont des leaders d\u2019OSC auraient \u00e9t\u00e9 arr\u00eat\u00e9es par les forces de \u2026<\/p>\n<p>L\u2019article <a rel=\"nofollow\" href=\"https:\/\/lepays.bf\/repression-dune-manif-contre-la-vie-chere-au-senegal\/\">REPRESSION D\u2019UNE MANIF CONTRE LA VIE CHERE AU SENEGAL  \u00a0<\/a> est apparu en premier sur <a rel=\"nofollow\" href=\"https:\/\/lepays.bf\/\">Editions Le Pays<\/a>.<\/p>\n<\/div>\n<p>Auteur: Editions LEPAYS<br \/>\n<a href=\"https:\/\/lepays.bf\/repression-dune-manif-contre-la-vie-chere-au-senegal\/\">Cliquez ici pour lire l&rsquo;article depuis sa source.<\/a><\/p>\n","protected":false},"excerpt":{"rendered":"<p>Des militants de la soci\u00e9t\u00e9 civile ont battu le macadam hier, 12 septembre 2021, au S\u00e9n\u00e9gal, pour protester contre la vie ch\u00e8re. Mais comme c\u2019est de coutume sous nos tropiques, cette marche qui \u00e9tait interdite par les autorit\u00e9s, a \u00e9t\u00e9 violemment r\u00e9prim\u00e9e. Cinq personnes dont des leaders d\u2019OSC auraient \u00e9t\u00e9 arr\u00eat\u00e9es par les forces de [&hellip;]<\/p>\n","protected":false},"author":1813,"featured_media":0,"comment_status":"closed","ping_status":"closed","sticky":false,"template":"","format":"standard","meta":{"fifu_image_url":"https:\/\/lepays.bf\/wp-content\/uploads\/2021\/09\/MANIFS.jpg","fifu_image_alt":"REPRESSION D\u2019UNE MANIF CONTRE LA VIE CHERE AU SENEGAL  \u00a0","footnotes":""},"categories":[73,81],"tags":[],"class_list":["post-126852","post","type-post","status-publish","format-standard","hentry","category-actualite","category-burkina-faso"],"_links":{"self":[{"href":"https:\/\/linitiative.ca\/International\/wp-json\/wp\/v2\/posts\/126852","targetHints":{"allow":["GET"]}}],"collection":[{"href":"https:\/\/linitiative.ca\/International\/wp-json\/wp\/v2\/posts"}],"about":[{"href":"https:\/\/linitiative.ca\/International\/wp-json\/wp\/v2\/types\/post"}],"author":[{"embeddable":true,"href":"https:\/\/linitiative.ca\/International\/wp-json\/wp\/v2\/users\/1813"}],"replies":[{"embeddable":true,"href":"https:\/\/linitiative.ca\/International\/wp-json\/wp\/v2\/comments?post=126852"}],"version-history":[{"count":0,"href":"https:\/\/linitiative.ca\/International\/wp-json\/wp\/v2\/posts\/126852\/revisions"}],"wp:attachment":[{"href":"https:\/\/linitiative.ca\/International\/wp-json\/wp\/v2\/media?parent=126852"}],"wp:term":[{"taxonomy":"category","embeddable":true,"href":"https:\/\/linitiative.ca\/International\/wp-json\/wp\/v2\/categories?post=126852"},{"taxonomy":"post_tag","embeddable":true,"href":"https:\/\/linitiative.ca\/International\/wp-json\/wp\/v2\/tags?post=126852"}],"curies":[{"name":"wp","href":"https:\/\/api.w.org\/{rel}","templated":true}]}}