{"id":126854,"date":"2021-09-12T16:25:05","date_gmt":"2021-09-12T20:25:05","guid":{"rendered":"https:\/\/linitiative.ca\/International\/session-ordinaire-du-mpp-les-preparatifs-du-congres-a-lordre-du-jour\/"},"modified":"2021-09-12T16:25:05","modified_gmt":"2021-09-12T20:25:05","slug":"session-ordinaire-du-mpp-les-preparatifs-du-congres-a-lordre-du-jour","status":"publish","type":"post","link":"https:\/\/linitiative.ca\/International\/session-ordinaire-du-mpp-les-preparatifs-du-congres-a-lordre-du-jour\/","title":{"rendered":"Session ordinaire du MPP : Les pr\u00e9paratifs du congr\u00e8s  \u00e0 l\u2019ordre du jour"},"content":{"rendered":"<div>\n<p><strong>Le bureau politique national du Mouvement du peuple pour le progr\u00e8s (MPP) a organis\u00e9 sa derni\u00e8re session ordinaire, le samedi 11 septembre 2021, \u00e0 Ouagadougou. Les pr\u00e9paratifs du prochain congr\u00e8s du parti au pouvoir ont \u00e9t\u00e9 au menu des \u00e9changes. <\/strong><\/p>\n<figure id=\"attachment_39402\" aria-describedby=\"caption-attachment-39402\" style=\"width: 221px\" class=\"wp-caption alignright\"><img decoding=\"async\" loading=\"lazy\" class=\"wp-image-39402 size-medium\" src=\"https:\/\/linitiative.ca\/International\/wp-content\/uploads\/sites\/23\/2021\/09\/1-38-221x300-1.jpg\" alt=\"\" width=\"221\" height=\"300\" srcset=\"https:\/\/linitiative.ca\/International\/wp-content\/uploads\/sites\/23\/2021\/09\/1-38-221x300-1.jpg 221w, https:\/\/www.sidwaya.info\/wp-content\/uploads\/2021\/09\/1-38-150x204.jpg 150w, https:\/\/www.sidwaya.info\/wp-content\/uploads\/2021\/09\/1-38-300x408.jpg 300w, https:\/\/www.sidwaya.info\/wp-content\/uploads\/2021\/09\/1-38-309x420.jpg 309w, https:\/\/www.sidwaya.info\/wp-content\/uploads\/2021\/09\/1-38.jpg 438w\" sizes=\"auto, (max-width: 221px) 100vw, 221px\"><figcaption id=\"caption-attachment-39402\" class=\"wp-caption-text\">Le pr\u00e9sident du Mouvement du peuple pour le progr\u00e8s, Simon Compaor\u00e9 : \u00ab Nous nous sommes accord\u00e9 sur les points qui doivent faire l\u2019objet de d\u00e9bats au congr\u00e8s \u00bb.<\/figcaption><\/figure>\n<p>En pr\u00e9lude au congr\u00e8s du Mouvement du peuple pour le progr\u00e8s (MPP) pr\u00e9vu du 24 au 26 septembre prochain, une session ordinaire du Bureau politique national (BPN) s\u2019est tenue, le samedi 11 septembre 2021, \u00e0 Ouagadougou. Selon le pr\u00e9sident du MPP, Simon Compaor\u00e9, la direction du parti a jug\u00e9 n\u00e9cessaire de convoquer cette session du BPN pour donner les derni\u00e8res informations sur les pr\u00e9paratifs du prochain congr\u00e8s. Selon lui, cette session du BPN a permis aux participants de s\u2019accorder sur les points \u00e0 aborder lors du rendez-vous du parti du Soleil levant. \u00ab Nous nous sommes accord\u00e9s sur les points qui doivent faire l\u2019objet de d\u00e9bats et nous avons montr\u00e9 la proc\u00e9dure pour proposer une nouvelle direction \u00bb, a-t-il indiqu\u00e9. A l\u2019issue du congr\u00e8s, a-t-il fait savoir, une nouvelle direction politique du MPP sera mise en place.<\/p>\n<p>\u00ab Nous aurons \u00e0 faire \u00e9galement un toilettage des textes fondamentaux de notre parti notamment les statuts et le r\u00e8glement int\u00e9rieur, le programme et le manifeste du parti. Nous aurons \u00e9galement \u00e0 sanctionner le rapport de la direction du BPN sortant \u00bb, a-t-il soutenu. En outre, a-t-il soulign\u00e9, un rapport sur le th\u00e8me qui porte sur la n\u00e9cessit\u00e9 pour le MPP de rester le premier parti au Burkina sera au menu des \u00e9changes. \u00ab Quand on est un parti qui g\u00e8re le pouvoir d\u2019Etat, le sentiment est de tout faire pour honorer cette position et \u00eatre \u00e0 m\u00eame de relever les d\u00e9fis. Il faut \u00e9galement accompagner correctement le gouvernement pour que les d\u00e9fis soient relev\u00e9s et que le programme pour lequel le pr\u00e9sident a \u00e9t\u00e9 \u00e9lu soit bien impl\u00e9ment\u00e9 au b\u00e9n\u00e9fice des Burkinab\u00e8 \u00bb, a-t-il affirm\u00e9. Le pr\u00e9sident du parti au pouvoir a confi\u00e9 qu\u2019une des d\u00e9cisions prises \u00e0 cette session du BPN et qui sera soumise au congr\u00e8s est la demande de fusion de quatre partis politiques avec le MPP. Il s\u2019agit, a-t-il pr\u00e9cis\u00e9, de l\u2019Union pour la R\u00e9publique (UPR), du Parti socialiste-Burkina (PS-Burkina), de la Convergence patriotique pour la renaissance\/mouvement progressiste (CPRMP) et de l\u2019Alliance des Jeunes pour l\u2019Ind\u00e9pendance et la R\u00e9publique (AJIR). \u00ab Pour le moment, le BPN a donn\u00e9 son accord et nous allons maintenant aller au congr\u00e8s qui va prendre la d\u00e9cision finale \u00bb, a-t-il signifi\u00e9.<\/p>\n<p style=\"text-align: right\"><strong> Timoth\u00e9e SOME timothesom@yahoo.fr <\/strong><\/p>\n<p style=\"text-align: right\"><strong>Claudine TIEMTORE (Stagiaire) <\/strong><\/p>\n<p>L\u2019article <a rel=\"nofollow\" href=\"https:\/\/www.sidwaya.info\/blog\/2021\/09\/12\/session-ordinaire-du-mpp-les-preparatifs-du-congres-a-lordre-du-jour\/\">Session ordinaire du MPP : Les pr\u00e9paratifs du congr\u00e8s  \u00e0 l\u2019ordre du jour<\/a> est apparu en premier sur <a rel=\"nofollow\" href=\"https:\/\/www.sidwaya.info\/\">Quotidien Sidwaya<\/a>.<\/p>\n<\/div>\n<p>Auteur: BM. Sidwaya<br \/>\n<a href=\"https:\/\/www.sidwaya.info\/blog\/2021\/09\/12\/session-ordinaire-du-mpp-les-preparatifs-du-congres-a-lordre-du-jour\/\">Cliquez ici pour lire l&rsquo;article depuis sa source.<\/a><\/p>\n","protected":false},"excerpt":{"rendered":"<p>Le bureau politique national du Mouvement du peuple pour le progr\u00e8s (MPP) a organis\u00e9 sa derni\u00e8re session ordinaire, le samedi 11 septembre 2021, \u00e0 Ouagadougou. Les pr\u00e9paratifs du prochain congr\u00e8s du parti au pouvoir ont \u00e9t\u00e9 au menu des \u00e9changes. Le pr\u00e9sident du Mouvement du peuple pour le progr\u00e8s, Simon Compaor\u00e9 : \u00ab Nous nous [&hellip;]<\/p>\n","protected":false},"author":1816,"featured_media":0,"comment_status":"closed","ping_status":"closed","sticky":false,"template":"","format":"standard","meta":{"fifu_image_url":"https:\/\/www.sidwaya.info\/wp-content\/uploads\/2021\/09\/1-38-221x300.jpg","fifu_image_alt":"Session ordinaire du MPP : Les pr\u00e9paratifs du congr\u00e8s  \u00e0 l\u2019ordre du jour","footnotes":""},"categories":[73,81],"tags":[],"class_list":["post-126854","post","type-post","status-publish","format-standard","hentry","category-actualite","category-burkina-faso"],"_links":{"self":[{"href":"https:\/\/linitiative.ca\/International\/wp-json\/wp\/v2\/posts\/126854","targetHints":{"allow":["GET"]}}],"collection":[{"href":"https:\/\/linitiative.ca\/International\/wp-json\/wp\/v2\/posts"}],"about":[{"href":"https:\/\/linitiative.ca\/International\/wp-json\/wp\/v2\/types\/post"}],"author":[{"embeddable":true,"href":"https:\/\/linitiative.ca\/International\/wp-json\/wp\/v2\/users\/1816"}],"replies":[{"embeddable":true,"href":"https:\/\/linitiative.ca\/International\/wp-json\/wp\/v2\/comments?post=126854"}],"version-history":[{"count":0,"href":"https:\/\/linitiative.ca\/International\/wp-json\/wp\/v2\/posts\/126854\/revisions"}],"wp:attachment":[{"href":"https:\/\/linitiative.ca\/International\/wp-json\/wp\/v2\/media?parent=126854"}],"wp:term":[{"taxonomy":"category","embeddable":true,"href":"https:\/\/linitiative.ca\/International\/wp-json\/wp\/v2\/categories?post=126854"},{"taxonomy":"post_tag","embeddable":true,"href":"https:\/\/linitiative.ca\/International\/wp-json\/wp\/v2\/tags?post=126854"}],"curies":[{"name":"wp","href":"https:\/\/api.w.org\/{rel}","templated":true}]}}