{"id":126856,"date":"2021-09-12T17:27:08","date_gmt":"2021-09-12T21:27:08","guid":{"rendered":"https:\/\/linitiative.ca\/International\/bientot-le-forum-tant-attendu\/"},"modified":"2021-09-12T17:27:08","modified_gmt":"2021-09-12T21:27:08","slug":"bientot-le-forum-tant-attendu","status":"publish","type":"post","link":"https:\/\/linitiative.ca\/International\/bientot-le-forum-tant-attendu\/","title":{"rendered":"Bient\u00f4t le forum tant attendu !"},"content":{"rendered":"<div>\n<p>Le Conseil des ministres de rentr\u00e9e du mercredi 9 septembre dernier a tranch\u00e9. Le forum national sur la r\u00e9conciliation nationale se tiendra du 17 au 23 janvier 2022. Apr\u00e8s les concertations communales et les fora r\u00e9gionaux, la Feuille de route pour la r\u00e9conciliation nationale et la coh\u00e9sion sociale continue de se d\u00e9rouler, s\u2019enrichissant des solutions et des avis issus des concertations \u00e0 la base. Comme quoi souvent, le temps dicte ses priorit\u00e9s sur le choix des hommes. En effet, annonc\u00e9 pour le premier semestre de 2021, c\u2019est bien six mois plus tard que l\u2019\u00e9v\u00e9nement \u00e9rig\u00e9 en priorit\u00e9 nationale par le Pr\u00e9sident du Faso, Roch Marc Christian Kabor\u00e9, aura lieu.<\/p>\n<p>Au-del\u00e0 du f\u00e9tichisme des dates, c\u2019est bien tout le travail en amont men\u00e9 par le ministre d\u2019Etat charg\u00e9 de la R\u00e9conciliation nationale et de Coh\u00e9sion sociale, Dr Z\u00e9phirin Diabr\u00e9, qui pose les bases de ce que sera ce tournant dans la vie de la nation qui suscite beaucoup d\u2019admiration. Ceux qui pensaient que ce sera \u00ab des arrangements \u00bb entre hommes politiques, en auront pour leurs frais. Sans \u00eatre dans le secret des dieux, ce qui se laisse voir actuellement- la rencontre de toutes les composantes de la nation dans l\u2019ensemble des communes du pays- est la preuve que cette r\u00e9conciliation figurant en bonne place dans le programme pr\u00e9sidentiel propos\u00e9 aux Burkinab\u00e8, ne laissera aucun sujet ni personne en rade. C\u2019est bien une rencontre de famille o\u00f9 m\u00eame les cadets auront leur mot \u00e0 dire. C\u2019est cette sp\u00e9cificit\u00e9 qui fait la force de ce pays et que tous les Burkinab\u00e8 souhaitent voir applaudie au terme du forum de janvier 2022.<\/p>\n<p>Un Burkina r\u00e9concili\u00e9 avec lui-m\u00eame, qui surmontera les d\u00e9chirures du pass\u00e9, c\u2019est le v\u0153u exprim\u00e9 par l\u2019initiateur du programme, le Pr\u00e9sident, Roch Marc Christian Kabor\u00e9, convaincu que dans cette grisaille mondiale, seuls les Etats forts qui auront d\u00e9tect\u00e9 les dissensions pu\u00e9riles pour les colmater ensemble pourront avoir voix au chapitre dans le concert des nations. Pour ce faire, chaque entit\u00e9 devra accepter perdre un peu de sa \u00ab glorieuse \u00bb, questionner ses certitudes, voire les remettre en cause, pour qu\u2019ensemble, les Burkinab\u00e8 fl\u00e9trissent la farine pour obtenir un bon t\u00f4 comestible pas seulement pour les contemporains, mais pour les g\u00e9n\u00e9rations \u00e0 venir. Dans le processus irr\u00e9versible de r\u00e9conciliation en cours, il va sans dire que les porteurs du projet qui jusque-l\u00e0 ont le quitus de son initiateur regardent en arri\u00e8re et se rappellent que, dans un pass\u00e9 pas tr\u00e8s lointain, 2001, les Burkinab\u00e8 s\u2019\u00e9taient pardonn\u00e9s face aux cameras \u00e0 l\u2019occasion de ce genre de rencontres avec des r\u00e9sultats mitig\u00e9s.<\/p>\n<p>Avaient-ils suffisamment pris en compte les desiderata des populations ? La r\u00e9ponse est bien non. Pour la simple raison que m\u00eame si les victimes ou parents de victimes avaient du bout des l\u00e8vres accept\u00e9, il restait cette phase de passage obligatoire. Qu\u2019elle soit appel\u00e9e transitionnelle, ou traditionnelle, ce que ces Burkinab\u00e8 meurtris dans leur chair pour avoir perdu un \u00eatre cher voulaient, c\u2019\u00e9tait bien le mea culpa des pr\u00e9sum\u00e9s auteurs pour la paix du c\u0153ur et le repos \u00e9ternel de leurs parents. Pour ne pas biaiser cette rencontre, il faut bannir les sp\u00e9cificit\u00e9s pour voir l\u2019avenir de notre pays. Il faut bannir les particularismes, parce que chaque cas est une particularit\u00e9. Si le principe de passer devant les juridictions est act\u00e9, alors que chacun puisse r\u00e9pondre de ses faits en toute responsabilit\u00e9. Il n\u2019y aura aucun paradoxe que la r\u00e9conciliation \u00e0 venir passe devant les juridictions. Dans un Etat de droit avec la s\u00e9paration des pouvoirs, il faut avoir cette force de laisser l\u2019ex\u00e9cutif mener sa lutte, au parlement de faire son travail et \u00e0 la justice d\u2019exercer ses pr\u00e9rogatives constitutionnelles en toute ind\u00e9pendance.<\/p>\n<p>Avant le 17 janvier 2022, des proc\u00e8s dont celui embl\u00e9matique du capitaine Sankara, mort assassin\u00e9 le 15 octobre 1987, s\u2019ouvriront dans un contexte o\u00f9 sa famille biologique, sa famille politique et les Hommes qui ont adh\u00e9r\u00e9 et regard\u00e9 avec enthousiasme le destin de ce jeune pr\u00e9sident veulent savoir la v\u00e9rit\u00e9. Ont-ils raison ? Oui, autant que nous sommes, dans la m\u00eame situation, nous chercherions la paix du c\u0153ur et le repos pour notre regrett\u00e9 si celui ou ceux incrimin\u00e9s venaient \u00e0 donner leur part de v\u00e9rit\u00e9. Voici pourquoi, nulle ne doit d\u00e9j\u00e0 se condamner, alors qu\u2019hier tous, nous louions l\u2019ind\u00e9pendance du pouvoir de la Justice. Alors, dans ce cas de figure, les jugements annonc\u00e9s constituent les meilleurs gages d\u2019une vraie r\u00e9conciliation, celle qui \u00e9vitera que dans quelques ann\u00e9es, s\u2019ouvre un autre round de r\u00e9conciliation.<\/p>\n<p style=\"text-align: right\"><strong>Par Mahamadi TIEGNA <\/strong><\/p>\n<p style=\"text-align: right\"><strong>mahamaditiegna@yahoo.fr <\/strong><\/p>\n<p>L\u2019article <a rel=\"nofollow\" href=\"https:\/\/www.sidwaya.info\/blog\/2021\/09\/12\/bientot-le-forum-tant-attendu\/\">Bient\u00f4t le forum tant attendu !<\/a> est apparu en premier sur <a rel=\"nofollow\" href=\"https:\/\/www.sidwaya.info\/\">Quotidien Sidwaya<\/a>.<\/p>\n<\/div>\n<p>Auteur: BM. Sidwaya<br \/>\n<a href=\"https:\/\/www.sidwaya.info\/blog\/2021\/09\/12\/bientot-le-forum-tant-attendu\/\">Cliquez ici pour lire l&rsquo;article depuis sa source.<\/a><\/p>\n","protected":false},"excerpt":{"rendered":"<p>Le Conseil des ministres de rentr\u00e9e du mercredi 9 septembre dernier a tranch\u00e9. Le forum national sur la r\u00e9conciliation nationale se tiendra du 17 au 23 janvier 2022. Apr\u00e8s les concertations communales et les fora r\u00e9gionaux, la Feuille de route pour la r\u00e9conciliation nationale et la coh\u00e9sion sociale continue de se d\u00e9rouler, s\u2019enrichissant des solutions [&hellip;]<\/p>\n","protected":false},"author":1816,"featured_media":0,"comment_status":"closed","ping_status":"closed","sticky":false,"template":"","format":"standard","meta":{"fifu_image_url":"","fifu_image_alt":"","footnotes":""},"categories":[73,81],"tags":[],"class_list":["post-126856","post","type-post","status-publish","format-standard","hentry","category-actualite","category-burkina-faso"],"_links":{"self":[{"href":"https:\/\/linitiative.ca\/International\/wp-json\/wp\/v2\/posts\/126856","targetHints":{"allow":["GET"]}}],"collection":[{"href":"https:\/\/linitiative.ca\/International\/wp-json\/wp\/v2\/posts"}],"about":[{"href":"https:\/\/linitiative.ca\/International\/wp-json\/wp\/v2\/types\/post"}],"author":[{"embeddable":true,"href":"https:\/\/linitiative.ca\/International\/wp-json\/wp\/v2\/users\/1816"}],"replies":[{"embeddable":true,"href":"https:\/\/linitiative.ca\/International\/wp-json\/wp\/v2\/comments?post=126856"}],"version-history":[{"count":0,"href":"https:\/\/linitiative.ca\/International\/wp-json\/wp\/v2\/posts\/126856\/revisions"}],"wp:attachment":[{"href":"https:\/\/linitiative.ca\/International\/wp-json\/wp\/v2\/media?parent=126856"}],"wp:term":[{"taxonomy":"category","embeddable":true,"href":"https:\/\/linitiative.ca\/International\/wp-json\/wp\/v2\/categories?post=126856"},{"taxonomy":"post_tag","embeddable":true,"href":"https:\/\/linitiative.ca\/International\/wp-json\/wp\/v2\/tags?post=126856"}],"curies":[{"name":"wp","href":"https:\/\/api.w.org\/{rel}","templated":true}]}}