{"id":126859,"date":"2021-09-12T17:42:59","date_gmt":"2021-09-12T21:42:59","guid":{"rendered":"https:\/\/linitiative.ca\/International\/preliminaires-aller-coupe-caf-un-nul-au-gout-dinacheve-pour-lasfa-y\/"},"modified":"2021-09-12T17:42:59","modified_gmt":"2021-09-12T21:42:59","slug":"preliminaires-aller-coupe-caf-un-nul-au-gout-dinacheve-pour-lasfa-y","status":"publish","type":"post","link":"https:\/\/linitiative.ca\/International\/preliminaires-aller-coupe-caf-un-nul-au-gout-dinacheve-pour-lasfa-y\/","title":{"rendered":"Pr\u00e9liminaires aller Coupe CAF : un  nul au go\u00fbt d\u2019inachev\u00e9 pour  l\u2019ASFA-Y"},"content":{"rendered":"<div>\n<p><strong>L\u2019ASFA-Yennenga a fait jeu \u00e9gal de 0 but partout avec le FC San P\u00e9dro de C\u00f4te d\u2019Ivoire, le dimanche 12 septembre \u00e0 Marrakech au Maroc, en match comptant pour les pr\u00e9liminaires aller de la Coupe de la Conf\u00e9d\u00e9ration de la CAF. Les prot\u00e9g\u00e9s de la princesse Yennenga peuvent se mordre les doigts au vue des occasions vendang\u00e9es dans l\u2019ensemble du match.<\/strong><\/p>\n<figure id=\"attachment_39416\" aria-describedby=\"caption-attachment-39416\" style=\"width: 300px\" class=\"wp-caption alignright\"><img decoding=\"async\" loading=\"lazy\" class=\"wp-image-39416 size-medium\" src=\"https:\/\/linitiative.ca\/International\/wp-content\/uploads\/sites\/23\/2021\/09\/3-9-300x200-1.jpg\" alt=\"\" width=\"300\" height=\"200\" srcset=\"https:\/\/linitiative.ca\/International\/wp-content\/uploads\/sites\/23\/2021\/09\/3-9-300x200-1.jpg 300w, https:\/\/www.sidwaya.info\/wp-content\/uploads\/2021\/09\/3-9-150x100.jpg 150w, https:\/\/www.sidwaya.info\/wp-content\/uploads\/2021\/09\/3-9.jpg 595w\" sizes=\"auto, (max-width: 300px) 100vw, 300px\"><figcaption id=\"caption-attachment-39416\" class=\"wp-caption-text\">Le PCA de l\u2019ASFA, Armand B\u00e9ouind\u00e9, a r\u00e9v\u00e9l\u00e9 la prime de victoire de son \u00e9quipe<\/figcaption><\/figure>\n<p>Que de regrets pour l\u2019ASFA-Yennenga\u00a0! En recevant, ce dimanche 12 septembre 2021 \u00e0 Marrakech, le FC San Pedro en match comptant pour les pr\u00e9liminaires aller de la Coupe de la Conf\u00e9d\u00e9ration de la CAF, le vainqueur de la coupe du Faso n\u2019a pu faire qu\u2019un r\u00e9sultat nul. La faute \u00e0 de nombreuses occasions vendang\u00e9es.La vielle dame avait d\u00e9but\u00e9 timidement la rencontre avant de r\u00e9ussir \u00e0 rehausser son niveau de jeu par la suite. L\u2019\u00e9quipe de San P\u00e9dro a profit\u00e9 de ce d\u00e9part timide pour cr\u00e9er la premi\u00e8re grosse occasion du match. N\u2019eut \u00e9t\u00e9 la maladresse de Mohammed Gariba l\u2019\u00e9quipe ivoirienne aurait pu ouvrir le score d\u00e8s la premi\u00e8re minute.<\/p>\n<p>Le 4-3-3 propos\u00e9 par le coach de l\u2019ASFA-Y, Rigo Gervais, n\u2019a pas \u00e9t\u00e9 rigoureusement respect\u00e9. Plut\u00f4t que d\u2019attaquer haut, l\u2019ASFA-Y a attendu San P\u00e9dro dans son camp. La nouvelle recrue de l\u2019\u00e9quipe, le B\u00e9ninois Nicolas Koffi Dognon, esseul\u00e9 \u00e0 la pointe de l\u2019attaque, est sevr\u00e9 de ballons. L\u2019orage pass\u00e9 apr\u00e8s 30 minutes de jeu, l\u2019ASFA-Y a commenc\u00e9 \u00e0 retrouver son jeu. Elle arrive \u00e0 se cr\u00e9er des occasions, mais les manque toutes par maladresse. Fay\u00e7al Ou\u00e9draogo, id\u00e9alement plac\u00e9 ne trouve pas le cadre (41e). Les Guerriers de Zempasgo arrivent tout de m\u00eame \u00e0 stabiliser le jeu jusqu\u2019\u00e0 la pause. Du retour des vestiaires le \u00ab\u00a0moteur diesel\u00a0\u00bb asfasien a refroidi permettant une fois de plus aux Ivoiriens de mettre \u00e0 rude \u00e9preuve sa d\u00e9fense. Constant Wayou, seul au point de penalty, avait la balle de match si sa reprise avait trouv\u00e9 le cadre (50e). Coup sur coup la d\u00e9fense burkinab\u00e8 dirig\u00e9e par Rachid Sana est mise en danger par les assauts des Ivoiriens. Abdoul Koughindiga est battu mais le virevoltant lat\u00e9ral de San P\u00e9dro qui avait cr\u00e9\u00e9 le surnombre pour se retrouver \u00e9trangement seul dans les 5,5m frappe dans le petit filet (55e).<\/p>\n<h1><strong>R\u00e9veil st\u00e9rile des poulains de Rigo Gervais<\/strong><\/h1>\n<p>Pour recadrer les choses, le technicien ivoirien de l\u2019ASFA-Y injecte du sang neuf dans son \u00e9quipe en effectuant 3 remplacements avec les entr\u00e9es de l\u2019attaquant Saidou Sawadogo et des milieux de terrain Mikahilou Drabo et Justice Amat\u00e9. La rencontre change de physionomie. L\u2019ASFA-Y a le contr\u00f4le du jeu. Le lat\u00e9ral droit burkinab\u00e8 Cheik Oumar Ou\u00e9draogo transperce la d\u00e9fense ivoirienne pour servir Koffi Dognon qui se m\u00e9lange les pieds (56e). Justice Amat\u00e9 nouvellement entr\u00e9 a test\u00e9 la vigilance du gardien de San P\u00e9dro, Ira Eliezer Tap\u00e9, d\u2019une lourde frappe\u00a0; mais celui-ci qui claque le ballon (59e). Le nouvel entrant Saidou Sawadogo a pes\u00e9 sur la d\u00e9fense ivoirienne sans trouver le chemin des filets. Son appel tranchant (61e ) lui a permis de d\u00e9poser son vis-\u00e0-vis avant de d\u00e9clencher une belle frappe malheureusement renvoy\u00e9e par le montant droit du gardien Tap\u00e9. La d\u00e9fense ivoirienne est aux abois. Koffi Dognon qui se croyait hors-jeu se retrouve nez \u00e0 nez avec le gardien ivoirien qui remporte le duel (66e).<\/p>\n<p>Pendant que l\u2019ASFA-Y croyait totalement maitriser la partie, San P\u00e9dro, m\u00e8ne un contre qui a failli couter la quinine aux \u00ab\u00a0Jaune et vert\u00a0\u00bb, n\u2019eut \u00e9t\u00e9 la main ferme de leur gardien de but Ousmane Rabin Sanon. A la 77e mn, Nicolas Dognon, qui avait r\u00e9ussi \u00e0 se d\u00e9faire du portier ivoirien ne trouve pas l\u2019\u00e9quilibre pour redresser le ballon dans les cages du FC San P\u00e9dro. La r\u00e9plique ivoirienne ne tarde pas et Rabin Sanon une nouvelle fois claque une balle qui prenait la direction de la lucarne (90+1). Dans l\u2019imm\u00e9diat, sa longue relance trouve Saidou Sawadogo qui a voulu prendre de vitesse le v\u00e9loce d\u00e9fenseur de San P\u00e9dro, mais celui-ci touche le ballon \u00e0 l\u2019or\u00e9e de la surface de r\u00e9paration.<\/p>\n<figure id=\"attachment_39415\" aria-describedby=\"caption-attachment-39415\" style=\"width: 300px\" class=\"wp-caption alignleft\"><img decoding=\"async\" loading=\"lazy\" class=\"wp-image-39415 size-medium\" src=\"https:\/\/linitiative.ca\/International\/wp-content\/uploads\/sites\/23\/2021\/09\/2-17-300x200-1.jpg\" alt=\"\" width=\"300\" height=\"200\" srcset=\"https:\/\/linitiative.ca\/International\/wp-content\/uploads\/sites\/23\/2021\/09\/2-17-300x200-1.jpg 300w, https:\/\/www.sidwaya.info\/wp-content\/uploads\/2021\/09\/2-17-150x100.jpg 150w, https:\/\/www.sidwaya.info\/wp-content\/uploads\/2021\/09\/2-17.jpg 595w\" sizes=\"auto, (max-width: 300px) 100vw, 300px\"><figcaption id=\"caption-attachment-39415\" class=\"wp-caption-text\">Le coach Albert Bambara regrette les multiples occasions manqu\u00e9es de son \u00e9quipe, mais promet faire la diff\u00e9rence \u00e0 Abidjan.<\/figcaption><\/figure>\n<p>Pour le coach adjoint de l\u2019ASFA-Y, Albert Bambara,\u00a0le match nul est bon \u00e0 prendre. \u00ab\u00a0Mais on aurait pu mieux faire au vu de la pl\u00e9thore d\u2019occasions. C\u2019est frustrant de manquer ces genres d\u2019opportunit\u00e9s. On va se remobiliser pour faire la diff\u00e9rence \u00e0 Abidjan\u00a0\u00bb, a-t-il soulign\u00e9. Quant au coach de San P\u00e9dro, le Tunisien Tarek Jani, il a indiqu\u00e9 que\u00a0le match n\u2019a pas facile pour sa formation.<\/p>\n<p>\u00ab\u00a0L\u2019ASFA-Y est une belle \u00e9quipe. Ils sont tr\u00e8s agressifs \u00e0 l\u2019image du championnat burkinab\u00e8, mais on a notre mot \u00e0 dire \u00e0 Abidjan\u00a0\u00bb, a-t-il pr\u00e9venu. Malgr\u00e9 donc la promesse d\u2019une prime sp\u00e9ciale du PCA de l\u2019ASFA-Y, Armand B\u00e9ouind\u00e9, qui valait le salaire de chaque joueur, l\u2019\u00e9quipe n\u2019a pas pu s\u2019offrir le \u00ab\u00a0pactole\u00a0\u00bb. L\u2019\u00e9quipe a manqu\u00e9 d\u2019adresse devant les buts. Cependant, elle aura l\u2019occasion de se racheter lors du match retour pr\u00e9vu le dimanche 19 septembre (15h TU) au stade Robert Champrou de Markory d\u2019Abidjan (C\u00f4te d\u2019Ivoire). La qualification pour le second tour pr\u00e9liminaire est loin d\u2019\u00eatre compromise.<\/p>\n<p style=\"text-align: right\"><strong>Adama SALAMBERE <\/strong><\/p>\n<p style=\"text-align: right\"><strong>(envoy\u00e9 sp\u00e9cial \u00e0 Marrakech) <\/strong><\/p>\n<p>L\u2019article <a rel=\"nofollow\" href=\"https:\/\/www.sidwaya.info\/blog\/2021\/09\/12\/preliminaires-aller-coupe-caf-un-nul-au-gout-dinacheve-pour-lasfa-y\/\">Pr\u00e9liminaires aller Coupe CAF : un  nul au go\u00fbt d\u2019inachev\u00e9 pour  l\u2019ASFA-Y<\/a> est apparu en premier sur <a rel=\"nofollow\" href=\"https:\/\/www.sidwaya.info\/\">Quotidien Sidwaya<\/a>.<\/p>\n<\/div>\n<p>Auteur: BM. Sidwaya<br \/>\n<a href=\"https:\/\/www.sidwaya.info\/blog\/2021\/09\/12\/preliminaires-aller-coupe-caf-un-nul-au-gout-dinacheve-pour-lasfa-y\/\">Cliquez ici pour lire l&rsquo;article depuis sa source.<\/a><\/p>\n","protected":false},"excerpt":{"rendered":"<p>L\u2019ASFA-Yennenga a fait jeu \u00e9gal de 0 but partout avec le FC San P\u00e9dro de C\u00f4te d\u2019Ivoire, le dimanche 12 septembre \u00e0 Marrakech au Maroc, en match comptant pour les pr\u00e9liminaires aller de la Coupe de la Conf\u00e9d\u00e9ration de la CAF. Les prot\u00e9g\u00e9s de la princesse Yennenga peuvent se mordre les doigts au vue des [&hellip;]<\/p>\n","protected":false},"author":1816,"featured_media":0,"comment_status":"closed","ping_status":"closed","sticky":false,"template":"","format":"standard","meta":{"fifu_image_url":"https:\/\/www.sidwaya.info\/wp-content\/uploads\/2021\/09\/3-9-300x200.jpg","fifu_image_alt":"Pr\u00e9liminaires aller Coupe CAF : un  nul au go\u00fbt d\u2019inachev\u00e9 pour  l\u2019ASFA-Y","footnotes":""},"categories":[73,81],"tags":[],"class_list":["post-126859","post","type-post","status-publish","format-standard","hentry","category-actualite","category-burkina-faso"],"_links":{"self":[{"href":"https:\/\/linitiative.ca\/International\/wp-json\/wp\/v2\/posts\/126859","targetHints":{"allow":["GET"]}}],"collection":[{"href":"https:\/\/linitiative.ca\/International\/wp-json\/wp\/v2\/posts"}],"about":[{"href":"https:\/\/linitiative.ca\/International\/wp-json\/wp\/v2\/types\/post"}],"author":[{"embeddable":true,"href":"https:\/\/linitiative.ca\/International\/wp-json\/wp\/v2\/users\/1816"}],"replies":[{"embeddable":true,"href":"https:\/\/linitiative.ca\/International\/wp-json\/wp\/v2\/comments?post=126859"}],"version-history":[{"count":0,"href":"https:\/\/linitiative.ca\/International\/wp-json\/wp\/v2\/posts\/126859\/revisions"}],"wp:attachment":[{"href":"https:\/\/linitiative.ca\/International\/wp-json\/wp\/v2\/media?parent=126859"}],"wp:term":[{"taxonomy":"category","embeddable":true,"href":"https:\/\/linitiative.ca\/International\/wp-json\/wp\/v2\/categories?post=126859"},{"taxonomy":"post_tag","embeddable":true,"href":"https:\/\/linitiative.ca\/International\/wp-json\/wp\/v2\/tags?post=126859"}],"curies":[{"name":"wp","href":"https:\/\/api.w.org\/{rel}","templated":true}]}}