{"id":126862,"date":"2021-09-11T18:18:02","date_gmt":"2021-09-11T22:18:02","guid":{"rendered":"https:\/\/linitiative.ca\/International\/cote-divoire-la-fao-va-soutenir-la-filiere-du-cacao-biologique\/"},"modified":"2021-09-11T18:18:02","modified_gmt":"2021-09-11T22:18:02","slug":"cote-divoire-la-fao-va-soutenir-la-filiere-du-cacao-biologique","status":"publish","type":"post","link":"https:\/\/linitiative.ca\/International\/cote-divoire-la-fao-va-soutenir-la-filiere-du-cacao-biologique\/","title":{"rendered":"C\u00f4te d\u2019Ivoire: la FAO va soutenir la fili\u00e8re du cacao biologique"},"content":{"rendered":"<div>\n<p>Pour promouvoir une production de cacao sans d\u00e9forestation et r\u00e9duire les \u00e9missions de gaz \u00e0 effet de serre, l\u2019Organisation des Nations Unies pour l\u2019alimentation et l\u2019agriculture (FAO), s\u2019engage \u00e0 soutenir la fili\u00e8re du cacao biologique en C\u00f4te d\u2019Ivoire, premier producteur mondial de cacao.Il s\u2019agit d\u2019une \u00ab\u00a0assistance technique (qui) sera fournie par la FAO pour soutenir la cr\u00e9ation de deux nouvelles coop\u00e9ratives de producteurs de cacao biologique dans les r\u00e9gions du Sud Como\u00e9 et de l\u2019Agn\u00e9by-Tiassa (Sud), a dit samedi M. Zoungrana Mahama, repr\u00e9sentant du repr\u00e9sentant r\u00e9sident en C\u00f4te d\u2019Ivoire.<\/p>\n<p>M. Zoungrana Mahana s\u2019exprimait \u00e0 l\u2019occasion de la c\u00e9l\u00e9bration locale de la Journ\u00e9e internationale des coop\u00e9ratives \u00a0(JICOOP), \u00e0 l\u2019auditorium de l\u2019immeuble de la Caistab, \u00e0 Abidjan-Plateau. \u00a0<\/p>\n<p>Selon M. Zoungrana, cela s\u2019inscrit dans le cadre de la mise en \u0153uvre du projet \u00ab\u00a0Promouvoir une production de cacao sans d\u00e9forestation pour r\u00e9duire les \u00e9missions de gaz \u00e0 effet de serre en C\u00f4te d\u2019Ivoire (PROMIRE)\u00a0\u00bb. \u00a0<\/p>\n<p>En appui aux coop\u00e9ratives et aux petits exploitants agricoles, dira-t-il, plusieurs projets sont en cours d\u2019ex\u00e9cution, notamment le Projet d\u2019appui \u00e0 l\u2019autonomisation des personnes vuln\u00e9rables, femmes et jeunes dans le District des montagnes.<\/p>\n<p>Ce projet devrait permettre la fourniture de trois unit\u00e9s de transformation de manioc en atti\u00e9k\u00e9 et de trois entrep\u00f4ts de production \u00e0 trois groupements agricoles dont une coop\u00e9rative, ainsi que la fourniture de deux unit\u00e9s de transformation du riz et deux entrep\u00f4ts \u00e0 deux autres coop\u00e9ratives. \u00a0<\/p>\n<p>La FAO et l\u2019Alliance internationale des coop\u00e9ratives (ICA) ont renouvel\u00e9 en 2014 leur partenariat dans le cadre de la promotion du Mouvement coop\u00e9ratif,\u00a0ouvrant ainsi la voie aux initiatives visant \u00e0 faire b\u00e9n\u00e9ficier les petits exploitants agricoles et les petits agriculteurs familiaux des pays en d\u00e9veloppement d\u2019un mod\u00e8le \u00e9conomique viable, qui associe objectifs sociaux et \u00e9conomiques, au service du d\u00e9veloppement inclusif.<\/p>\n<p>Le ministre d\u2019Etat, ministre de l\u2019Agriculture et du d\u00e9veloppement rural, Kobenan \u00a0Kouassi Adjoumani, a salu\u00e9 les actions de l\u2019Organisation des Nations Unies pour l\u2019alimentation et l\u2019agriculture (FAO) au profit des coop\u00e9ratives agricoles.\u00a0<\/p>\n<p>Le th\u00e8me de l\u2019\u00e9dition 2021 de cette journ\u00e9e est \u00ab\u00a0Reconstruire en mieux ensemble\u00a0\u00bb, \u00a0des termes qui interpellent tous les gouvernants \u00e0 continuer leurs actions de promotion et de d\u00e9veloppement au profit des organisations coop\u00e9ratives qui demeurent des outils de cr\u00e9ation d\u2019emplois et de mieux-\u00eatre des populations face \u00e0 la pand\u00e9mie de Covid 19.<\/p>\n<p>\u00ab\u00a0La Covid-19 a d\u00e9vast\u00e9 presque toutes nos productions et a an\u00e9anti aussi nos coop\u00e9ratives. Aujourd\u2019hui, plus que jamais, au moment o\u00f9 nous sommes en train de nous remettre, il y a lieu que nous nous mettions ensemble\u00a0\u00bb, a d\u00e9clar\u00e9 M. Adjoumani Kouassi. \u00a0<\/p>\n<p>Il faut \u00ab\u00a0se mettre ensemble pour \u00eatre efficace, parce que quand on est uni, on peut faire du bon travail\u00a0\u00bb, a lanc\u00e9 le ministre Adjoumani Kouassi, soutenant que \u00ab\u00a0si ces personnes disposent de grands moyens, elles vont faire des \u00e9rudits\u00a0\u00bb.\u00a0<\/p>\n<p>L\u2019Etat de C\u00f4te d\u2019Ivoire a mis les moyens \u00e0 la disposition du minist\u00e8re dans le cadre de la Covid-19 pour soutenir les soci\u00e9t\u00e9s coop\u00e9ratives, \u00e0 travers les producteurs, les intrants qu\u2019 on donne \u00e0 travers le mat\u00e9riel agricole, a-t-il fait savoir.<\/p>\n<p>M. Adjoumani a relev\u00e9 que l\u2019Etat ivoirien table aujourd\u2019hui sur la transformation, \u00a0car\u00a0les agroindustries sont importantes pour l\u2019\u00e9quilibre de l\u2019agriculture\u00a0pour permettre aussi qu\u2019il y ait une plus-value de ce que le pays produit. \u00a0<\/p>\n<p>L\u2019un des principaux enjeux fix\u00e9s par les Objectifs de D\u00e9veloppement Durable des Nations Unies est l\u2019\u00e9limination de la faim d\u2019ici \u00e0 2030. L\u2019organisation veut amener les exploitants agricoles \u00e0 \u00eatre r\u00e9silients et produire davantage.\u00a0<\/p>\n<p>Plus de 90% des exploitations agricoles sont g\u00e9r\u00e9es par un individu ou une famille. Elles produisent environ 80% de la nourriture mondiale et occupent 70 \u00e0 80% des terres agricoles.\u00a0<\/p>\n<p>Les petits exploitants agricoles sont en partie regroup\u00e9s au sein des coop\u00e9ratives. Partant de ce constat, la FAO consid\u00e8re que les coop\u00e9ratives sont un acteur cl\u00e9 dans l\u2019effort d\u2019\u00e9limination de la faim avant 2030.<\/p>\n<p>Durant la crise de la Covid-19, les coop\u00e9ratives de production et de commercialisation ont jou\u00e9 un r\u00f4le crucial pour maintenir les cha\u00eenes d\u2019approvisionnement en biens et services essentiels.<\/p>\n<p>Cet article <a rel=\"nofollow\" href=\"https:\/\/www.journalducameroun.com\/cote-divoire-la-fao-va-soutenir-la-filiere-du-cacao-biologique\/\">C\u00f4te d\u2019Ivoire: la FAO va soutenir la fili\u00e8re du cacao biologique<\/a> est apparu en premier sur <a rel=\"nofollow\" href=\"https:\/\/www.journalducameroun.com\/\">Journal du Cameroun<\/a>.<\/p>\n<\/div>\n<p>Auteur: APA News<br \/>\n<a href=\"https:\/\/www.journalducameroun.com\/cote-divoire-la-fao-va-soutenir-la-filiere-du-cacao-biologique\/\">Cliquez ici pour lire l&rsquo;article depuis sa source.<\/a><\/p>\n","protected":false},"excerpt":{"rendered":"<p>Pour promouvoir une production de cacao sans d\u00e9forestation et r\u00e9duire les \u00e9missions de gaz \u00e0 effet de serre, l\u2019Organisation des Nations Unies pour l\u2019alimentation et l\u2019agriculture (FAO), s\u2019engage \u00e0 soutenir la fili\u00e8re du cacao biologique en C\u00f4te d\u2019Ivoire, premier producteur mondial de cacao.Il s\u2019agit d\u2019une \u00ab\u00a0assistance technique (qui) sera fournie par la FAO pour soutenir [&hellip;]<\/p>\n","protected":false},"author":1965,"featured_media":0,"comment_status":"closed","ping_status":"closed","sticky":false,"template":"","format":"standard","meta":{"fifu_image_url":"","fifu_image_alt":"","footnotes":""},"categories":[73,82],"tags":[],"class_list":["post-126862","post","type-post","status-publish","format-standard","hentry","category-actualite","category-cameroun"],"_links":{"self":[{"href":"https:\/\/linitiative.ca\/International\/wp-json\/wp\/v2\/posts\/126862","targetHints":{"allow":["GET"]}}],"collection":[{"href":"https:\/\/linitiative.ca\/International\/wp-json\/wp\/v2\/posts"}],"about":[{"href":"https:\/\/linitiative.ca\/International\/wp-json\/wp\/v2\/types\/post"}],"author":[{"embeddable":true,"href":"https:\/\/linitiative.ca\/International\/wp-json\/wp\/v2\/users\/1965"}],"replies":[{"embeddable":true,"href":"https:\/\/linitiative.ca\/International\/wp-json\/wp\/v2\/comments?post=126862"}],"version-history":[{"count":0,"href":"https:\/\/linitiative.ca\/International\/wp-json\/wp\/v2\/posts\/126862\/revisions"}],"wp:attachment":[{"href":"https:\/\/linitiative.ca\/International\/wp-json\/wp\/v2\/media?parent=126862"}],"wp:term":[{"taxonomy":"category","embeddable":true,"href":"https:\/\/linitiative.ca\/International\/wp-json\/wp\/v2\/categories?post=126862"},{"taxonomy":"post_tag","embeddable":true,"href":"https:\/\/linitiative.ca\/International\/wp-json\/wp\/v2\/tags?post=126862"}],"curies":[{"name":"wp","href":"https:\/\/api.w.org\/{rel}","templated":true}]}}