{"id":126863,"date":"2021-09-11T20:18:01","date_gmt":"2021-09-12T00:18:01","guid":{"rendered":"https:\/\/linitiative.ca\/International\/deux-camionneurs-marocains-tues-par-des-hommes-armes-au-mali\/"},"modified":"2021-09-11T20:18:01","modified_gmt":"2021-09-12T00:18:01","slug":"deux-camionneurs-marocains-tues-par-des-hommes-armes-au-mali","status":"publish","type":"post","link":"https:\/\/linitiative.ca\/International\/deux-camionneurs-marocains-tues-par-des-hommes-armes-au-mali\/","title":{"rendered":"Deux camionneurs marocains tu\u00e9s par des hommes arm\u00e9s au Mali"},"content":{"rendered":"<div>\n<p><img loading=\"lazy\" decoding=\"async\" width=\"300\" height=\"168\" src=\"https:\/\/linitiative.ca\/International\/wp-content\/uploads\/sites\/23\/2021\/09\/16314058815065.jpg\" class=\"attachment-post-thumbnail size-post-thumbnail wp-post-image\" alt=\"\" srcset=\"https:\/\/linitiative.ca\/International\/wp-content\/uploads\/sites\/23\/2021\/09\/16314058815065.jpg 300w, https:\/\/www.journalducameroun.com\/wp-content\/uploads\/2021\/09\/16314058815065-780x440.jpg 780w, https:\/\/www.journalducameroun.com\/wp-content\/uploads\/2021\/09\/16314058815065-160x90.jpg 160w, https:\/\/www.journalducameroun.com\/wp-content\/uploads\/2021\/09\/16314058815065-240x135.jpg 240w\" sizes=\"auto, (max-width: 300px) 100vw, 300px\"><\/p>\n<p>Deux camionneurs marocains ont \u00e9t\u00e9 tu\u00e9s et un autre a \u00e9t\u00e9 bless\u00e9, samedi au Mali, par des hommes arm\u00e9s, selon l&rsquo;ambassade du Maroc \u00e0 Bamako, ajoutant qu&rsquo;un quatri\u00e8me chauffeur a surv\u00e9cu \u00e0 cette attaque.L&rsquo;incident a eu lieu au niveau de la commune de Didi\u00e9ni, situ\u00e9e \u00e0 environ 300 Km de Bamako, lorsque les chauffeurs marocains se dirigeaient vers la capitale malienne \u00e0 bord de camions transportant des marchandises, avant qu&rsquo;ils ne soient attaqu\u00e9s par balles par un groupe d&rsquo;\u00e9l\u00e9ments arm\u00e9s qui se cachaient derri\u00e8re les arbres au bord de la route, indique-t-on de m\u00eame source.<\/p>\n<p>Le chauffeur bless\u00e9, dont l&rsquo;\u00e9tat de sant\u00e9 ne suscite pas d&rsquo;inqui\u00e9tude, a \u00e9t\u00e9 transf\u00e9r\u00e9 vers un h\u00f4pital local pour recevoir les soins n\u00e9cessaires.<\/p>\n<p>Selon des t\u00e9moins, les assaillants \u00e9taient cagoul\u00e9s, portaient des gilets pare-balles et disposaient d&rsquo;appareils de communication sans fil. Apr\u00e8s avoir commis leur crime, ils ont quitt\u00e9 les lieux sans voler le moindre objet des victimes.<\/p>\n<p>Cet article <a rel=\"nofollow\" href=\"https:\/\/www.journalducameroun.com\/deux-camionneurs-marocains-tues-par-des-hommes-armes-au-mali\/\">Deux camionneurs marocains tu\u00e9s par des hommes arm\u00e9s au Mali<\/a> est apparu en premier sur <a rel=\"nofollow\" href=\"https:\/\/www.journalducameroun.com\/\">Journal du Cameroun<\/a>.<\/p>\n<\/div>\n<p>Auteur: APA News<br \/>\n<a href=\"https:\/\/www.journalducameroun.com\/deux-camionneurs-marocains-tues-par-des-hommes-armes-au-mali\/\">Cliquez ici pour lire l&rsquo;article depuis sa source.<\/a><\/p>\n","protected":false},"excerpt":{"rendered":"<p>Deux camionneurs marocains ont \u00e9t\u00e9 tu\u00e9s et un autre a \u00e9t\u00e9 bless\u00e9, samedi au Mali, par des hommes arm\u00e9s, selon l&rsquo;ambassade du Maroc \u00e0 Bamako, ajoutant qu&rsquo;un quatri\u00e8me chauffeur a surv\u00e9cu \u00e0 cette attaque.L&rsquo;incident a eu lieu au niveau de la commune de Didi\u00e9ni, situ\u00e9e \u00e0 environ 300 Km de Bamako, lorsque les chauffeurs marocains [&hellip;]<\/p>\n","protected":false},"author":1965,"featured_media":0,"comment_status":"closed","ping_status":"closed","sticky":false,"template":"","format":"standard","meta":{"fifu_image_url":"https:\/\/www.journalducameroun.com\/wp-content\/uploads\/2021\/09\/16314058815065.jpg","fifu_image_alt":"Deux camionneurs marocains tu\u00e9s par des hommes arm\u00e9s au Mali","footnotes":""},"categories":[73,82],"tags":[],"class_list":["post-126863","post","type-post","status-publish","format-standard","hentry","category-actualite","category-cameroun"],"_links":{"self":[{"href":"https:\/\/linitiative.ca\/International\/wp-json\/wp\/v2\/posts\/126863","targetHints":{"allow":["GET"]}}],"collection":[{"href":"https:\/\/linitiative.ca\/International\/wp-json\/wp\/v2\/posts"}],"about":[{"href":"https:\/\/linitiative.ca\/International\/wp-json\/wp\/v2\/types\/post"}],"author":[{"embeddable":true,"href":"https:\/\/linitiative.ca\/International\/wp-json\/wp\/v2\/users\/1965"}],"replies":[{"embeddable":true,"href":"https:\/\/linitiative.ca\/International\/wp-json\/wp\/v2\/comments?post=126863"}],"version-history":[{"count":0,"href":"https:\/\/linitiative.ca\/International\/wp-json\/wp\/v2\/posts\/126863\/revisions"}],"wp:attachment":[{"href":"https:\/\/linitiative.ca\/International\/wp-json\/wp\/v2\/media?parent=126863"}],"wp:term":[{"taxonomy":"category","embeddable":true,"href":"https:\/\/linitiative.ca\/International\/wp-json\/wp\/v2\/categories?post=126863"},{"taxonomy":"post_tag","embeddable":true,"href":"https:\/\/linitiative.ca\/International\/wp-json\/wp\/v2\/tags?post=126863"}],"curies":[{"name":"wp","href":"https:\/\/api.w.org\/{rel}","templated":true}]}}