{"id":126865,"date":"2021-09-12T06:18:02","date_gmt":"2021-09-12T10:18:02","guid":{"rendered":"https:\/\/linitiative.ca\/International\/cote-divoire-denombrement-de-la-population-du-1er-au-21-novembre-2021\/"},"modified":"2021-09-12T06:18:02","modified_gmt":"2021-09-12T10:18:02","slug":"cote-divoire-denombrement-de-la-population-du-1er-au-21-novembre-2021","status":"publish","type":"post","link":"https:\/\/linitiative.ca\/International\/cote-divoire-denombrement-de-la-population-du-1er-au-21-novembre-2021\/","title":{"rendered":"C\u00f4te d\u2019Ivoire: d\u00e9nombrement de la population du 1er au 21 novembre 2021"},"content":{"rendered":"<div>\n<p>Le ministre ivoirien du Plan et du d\u00e9veloppement,  Kaba Nial\u00e9, a annonc\u00e9 vendredi \u00e0 Yamoussoukro le d\u00e9nombrement de la population, en C\u00f4te d\u2019Ivoire, du 1er au 21 novembre 2021.Mme Kaba Nial\u00e9 a annonc\u00e9 cette op\u00e9ration, lors du lancement officiel du d\u00e9nombrement du recensement de la population 2021 avec le corps pr\u00e9fectoral, devant un parterre de personnalit\u00e9s dont des rois et chefs traditionnels.\u00a0<\/p>\n<p>Cette c\u00e9r\u00e9monie se tient apr\u00e8s l\u2019installation des Comit\u00e9s locaux de recensement, en f\u00e9vrier 2019, et vise \u00e0 informer le corps pr\u00e9fectoral, la population enti\u00e8re, la presse, ainsi que les partenaires techniques et financiers, de la r\u00e9alisation effective du d\u00e9nombrement de la population du 1er au 21 novembre 2021, sur toute l\u2019\u00e9tendue du territoire national, a pr\u00e9cis\u00e9 Mme Kaba Nial\u00e9.<\/p>\n<p>Le d\u00e9nombrement se d\u00e9clinera en trois principales activit\u00e9s, \u00e0 savoir le recrutement du personnel de terrain, la formation du personnel de terrain et la collecte des donn\u00e9es, a soulign\u00e9 le ministre du Plan et du d\u00e9veloppement.\u00a0<\/p>\n<p>Il mobilisera environ 40.000 agents de terrains qui seront charg\u00e9s durant 21 jours de sillonner tous les campements, hameaux et villages afin de collecter les donn\u00e9es sur l\u2019ensemble de la population, a-t-elle relev\u00e9.\u00a0<\/p>\n<p>Le processus de recrutement de ce personnel a \u00e9t\u00e9 lanc\u00e9 le 10 ao\u00fbt 2021 lors d\u2019une conf\u00e9rence de presse anim\u00e9e par Mme Kaba Nial\u00e9 et le ministre de la Promotion de la Jeunesse, de l\u2019insertion professionnelle et du service civique, Mamadou Tour\u00e9. Il est pr\u00e9vu s\u2019achever le 21 septembre 2021.\u00a0<\/p>\n<p>\u00a0Au total, ce sont 38.971 jeunes qui seront form\u00e9s localement par le Bureau technique permanent du recensement (BTPR) avec l\u2019appui de l\u2019Agence emploi jeune.<\/p>\n<p>A l\u2019issue de la formation, 28.346 seront recrut\u00e9s et affect\u00e9s dans les diff\u00e9rentes zones de d\u00e9nombrement, aire de travail d\u2019un agent recenseur comme agents recenseurs et 7.087 comme chefs d\u2019\u00e9quipe, encadr\u00e9s par 400 superviseurs et 36 coordonnateurs r\u00e9gionaux.<\/p>\n<p>Pour garantir la qualit\u00e9 des donn\u00e9es collect\u00e9es, le gouvernement ivoirien, \u00e0 travers l\u2019appui des Partenaires techniques et financiers, a mis \u00e0 la disposition du projet 37.700 tablettes et accessoires.<\/p>\n<p>Ce recensement de la population (RP 2021) est le cinqui\u00e8me que la C\u00f4te d\u2019Ivoire organise et fait suite au quatri\u00e8me recensement qui s\u2019est d\u00e9roul\u00e9 en 2014. Il a \u00e9t\u00e9 institu\u00e9 par un d\u00e9cret en ao\u00fbt 2018 et comprend un Conseil national du recensement (CNR) pr\u00e9sid\u00e9 par le Premier ministre.<\/p>\n<p>Il comprend \u00e9galement un Comit\u00e9 technique du recensement (CTR) pr\u00e9sid\u00e9 par le minist\u00e8re du Plan et du d\u00e9veloppement et un Bureau technique permanent du recensement (BTPR), organe d\u2019ex\u00e9cution technique log\u00e9 \u00e0 l\u2019Institut national de la statistique.\u00a0<\/p>\n<p>Le Recensement g\u00e9n\u00e9ral de la population et de l\u2019habitat est une op\u00e9ration de d\u00e9nombrement de la population qui vise \u00e0 recueillir des donn\u00e9es d\u00e9mographiques, sociales et \u00e9conomiques sur toute la population vivant sur le territoire national, qu\u2019elle soit ivoirienne ou \u00e9trang\u00e8re.<\/p>\n<p>Cet article <a rel=\"nofollow\" href=\"https:\/\/www.journalducameroun.com\/cote-divoire-denombrement-de-la-population-du-1er-au-21-novembre-2021\/\">C\u00f4te d\u2019Ivoire: d\u00e9nombrement de la population du 1er au 21 novembre 2021<\/a> est apparu en premier sur <a rel=\"nofollow\" href=\"https:\/\/www.journalducameroun.com\/\">Journal du Cameroun<\/a>.<\/p>\n<\/div>\n<p>Auteur: APA News<br \/>\n<a href=\"https:\/\/www.journalducameroun.com\/cote-divoire-denombrement-de-la-population-du-1er-au-21-novembre-2021\/\">Cliquez ici pour lire l&rsquo;article depuis sa source.<\/a><\/p>\n","protected":false},"excerpt":{"rendered":"<p>Le ministre ivoirien du Plan et du d\u00e9veloppement, Kaba Nial\u00e9, a annonc\u00e9 vendredi \u00e0 Yamoussoukro le d\u00e9nombrement de la population, en C\u00f4te d\u2019Ivoire, du 1er au 21 novembre 2021.Mme Kaba Nial\u00e9 a annonc\u00e9 cette op\u00e9ration, lors du lancement officiel du d\u00e9nombrement du recensement de la population 2021 avec le corps pr\u00e9fectoral, devant un parterre de [&hellip;]<\/p>\n","protected":false},"author":1965,"featured_media":0,"comment_status":"closed","ping_status":"closed","sticky":false,"template":"","format":"standard","meta":{"fifu_image_url":"","fifu_image_alt":"","footnotes":""},"categories":[73,82],"tags":[],"class_list":["post-126865","post","type-post","status-publish","format-standard","hentry","category-actualite","category-cameroun"],"_links":{"self":[{"href":"https:\/\/linitiative.ca\/International\/wp-json\/wp\/v2\/posts\/126865","targetHints":{"allow":["GET"]}}],"collection":[{"href":"https:\/\/linitiative.ca\/International\/wp-json\/wp\/v2\/posts"}],"about":[{"href":"https:\/\/linitiative.ca\/International\/wp-json\/wp\/v2\/types\/post"}],"author":[{"embeddable":true,"href":"https:\/\/linitiative.ca\/International\/wp-json\/wp\/v2\/users\/1965"}],"replies":[{"embeddable":true,"href":"https:\/\/linitiative.ca\/International\/wp-json\/wp\/v2\/comments?post=126865"}],"version-history":[{"count":0,"href":"https:\/\/linitiative.ca\/International\/wp-json\/wp\/v2\/posts\/126865\/revisions"}],"wp:attachment":[{"href":"https:\/\/linitiative.ca\/International\/wp-json\/wp\/v2\/media?parent=126865"}],"wp:term":[{"taxonomy":"category","embeddable":true,"href":"https:\/\/linitiative.ca\/International\/wp-json\/wp\/v2\/categories?post=126865"},{"taxonomy":"post_tag","embeddable":true,"href":"https:\/\/linitiative.ca\/International\/wp-json\/wp\/v2\/tags?post=126865"}],"curies":[{"name":"wp","href":"https:\/\/api.w.org\/{rel}","templated":true}]}}