{"id":126866,"date":"2021-09-12T07:18:01","date_gmt":"2021-09-12T11:18:01","guid":{"rendered":"https:\/\/linitiative.ca\/International\/le-club-agro-sengage-a-accompagner-cote-divoire-vision-2030\/"},"modified":"2021-09-12T07:18:01","modified_gmt":"2021-09-12T11:18:01","slug":"le-club-agro-sengage-a-accompagner-cote-divoire-vision-2030","status":"publish","type":"post","link":"https:\/\/linitiative.ca\/International\/le-club-agro-sengage-a-accompagner-cote-divoire-vision-2030\/","title":{"rendered":"Le Club Agro s\u2019engage \u00e0 accompagner \u00ab\u00a0C\u00f4te d\u2019Ivoire Vision 2030\u00a0\u00bb"},"content":{"rendered":"<div>\n<p><img loading=\"lazy\" decoding=\"async\" width=\"942\" height=\"646\" src=\"https:\/\/linitiative.ca\/International\/wp-content\/uploads\/sites\/23\/2021\/09\/16314454824098.jpg\" class=\"attachment-post-thumbnail size-post-thumbnail wp-post-image\" alt=\"\" srcset=\"https:\/\/linitiative.ca\/International\/wp-content\/uploads\/sites\/23\/2021\/09\/16314454824098.jpg 942w, https:\/\/www.journalducameroun.com\/wp-content\/uploads\/2021\/09\/16314454824098-300x206.jpg 300w, https:\/\/www.journalducameroun.com\/wp-content\/uploads\/2021\/09\/16314454824098-768x527.jpg 768w, https:\/\/www.journalducameroun.com\/wp-content\/uploads\/2021\/09\/16314454824098-642x440.jpg 642w, https:\/\/www.journalducameroun.com\/wp-content\/uploads\/2021\/09\/16314454824098-600x411.jpg 600w\" sizes=\"auto, (max-width: 942px) 100vw, 942px\"><\/p>\n<p>Le Club Agro C\u00f4te d&rsquo;Ivoire, regroupant des acteurs fran\u00e7ais des secteurs agricoles et agro-alimentaires priv\u00e9s, s&rsquo;engage \u00e0 accompagner le programme de d\u00e9veloppement \u00ab\u00a0C\u00f4te d&rsquo;Ivoire Vision 2030\u00a0\u00bb, lors d&rsquo;une r\u00e9union de rentr\u00e9e \u00e0 Abidjan.<\/p>\n<p>La r\u00e9union de rentr\u00e9e du Club Agro qui s&rsquo;est tenue le 08 septembre 2021 dans les locaux de la Soci\u00e9t\u00e9 de culture banani\u00e8re (SCB), au Plateau, a rassembl\u00e9 une vingtaine d&rsquo;acteurs \u00e9conomiques, institutionnels et associatifs fran\u00e7ais pr\u00e9sents dans le secteur agro-alimentaire ivoirien.\u00a0<\/p>\n<p>La rencontre a \u00e9t\u00e9 anim\u00e9e par Dominique Mal\u00e9zieux, directeur g\u00e9n\u00e9ral de la\u00a0 SCB et pr\u00e9sident du Club Agro, ainsi que par Jean-Pierre Chomienne, conseiller pour les affaires agricoles en Afrique de l&rsquo;Ouest \u00e0 l&rsquo;ambassade de France en C\u00f4te d&rsquo;Ivoire.\u00a0<\/p>\n<p>Le Club s&rsquo;est donn\u00e9 pour \u00ab\u00a0mission d&rsquo;accompagner\u00a0\u00bb le pr\u00e9sident de la R\u00e9publique de C\u00f4te d&rsquo;Ivoire M. Alassane Ouattara et son Premier ministre M. Patrick Achi, dans la mise en \u0153uvre du programme \u00ab\u00a0C\u00f4te d&rsquo;Ivoire Vision 2030\u00a0\u00bb.\u00a0<\/p>\n<p>Quatre commissions d\u00e9di\u00e9es (emploi et formation ; cha\u00eene de valeur ; d\u00e9veloppement durable et r\u00e9silience ; environnement des affaires) devraient rendre une feuille de route de leurs activit\u00e9s, de leurs engagements et des recommandations au gouvernement d&rsquo;ici l&rsquo;ann\u00e9e prochaine.\u00a0<\/p>\n<p>\u00a0M. Chomienne a pr\u00e9sent\u00e9 les six th\u00e9matiques prioritaires identifi\u00e9es par le minist\u00e8re de l&rsquo;Agriculture et le pr\u00e9sident fran\u00e7ais, \u00e0 savoir que l&rsquo;Afrique devrait \u00eatre un des axes de d\u00e9veloppement majeurs de la coop\u00e9ration agricole fran\u00e7aise dans les ann\u00e9es \u00e0 venir.\u00a0<\/p>\n<p>Des repr\u00e9sentants de la Fondation Avril en d\u00e9placement \u00e0 Abidjan, dont son pr\u00e9sident M. G\u00e9rard Tub\u00e9ry, ont \u00e9t\u00e9 les invit\u00e9s d&rsquo;honneur de cette r\u00e9union. Ils ont pr\u00e9sent\u00e9 leurs actions en Afrique de l&rsquo;Ouest et leurs projets avec la C\u00f4te d&rsquo;Ivoire concernant le \u00a0d\u00e9veloppement des fili\u00e8res prot\u00e9ines.\u00a0<\/p>\n<p>Le Club avait d\u00e9j\u00e0 \u00e9chang\u00e9, \u00a0il y a quelques mois \u00e0 Abidjan, avec le ministre de l&rsquo;Agriculture Kobenan Kouassi Adjoumani et le ministre d\u00e9l\u00e9gu\u00e9 charg\u00e9 du Commerce ext\u00e9rieur et de l&rsquo;Attractivit\u00e9 fran\u00e7ais, Frank Riester, \u00e0 l&rsquo;occasion d&rsquo;une rencontre officielle le 2 juin 2021. \u00a0<\/p>\n<p>Les deux ministres avaient alors exprim\u00e9 leur soutien au d\u00e9veloppement du Club Agro, qui devrait permettre de cr\u00e9er de nombreuses opportunit\u00e9s pour les entreprises et institutions agricoles fran\u00e7aises et ivoiriennes.\u00a0<\/p>\n<p>Le Club Agro fran\u00e7ais, cr\u00e9\u00e9 en C\u00f4te d&rsquo;Ivoire est anim\u00e9 par l&rsquo;ambassade de France en collaboration avec Business France. Il rassemble les acteurs fran\u00e7ais des secteurs agricoles et agro-alimentaires priv\u00e9s (PME, ETI, grands groupes, CCIFCI).\u00a0<\/p>\n<p>Il comprend \u00e9galement des entit\u00e9s publiques et parapubliques (ambassade, Business France, AFD, Cirad, IRD, ONG) pr\u00e9sents en C\u00f4te d&rsquo;Ivoire, ayant un courant d&rsquo;Affaires avec la C\u00f4te d&rsquo;Ivoire ou int\u00e9ress\u00e9s par ce march\u00e9.<\/p>\n<p>Cet article <a rel=\"nofollow\" href=\"https:\/\/www.journalducameroun.com\/le-club-agro-sengage-a-accompagner-cote-divoire-vision-2030\/\">Le Club Agro s\u2019engage \u00e0 accompagner \u00ab\u00a0C\u00f4te d\u2019Ivoire Vision 2030\u00a0\u00bb<\/a> est apparu en premier sur <a rel=\"nofollow\" href=\"https:\/\/www.journalducameroun.com\/\">Journal du Cameroun<\/a>.<\/p>\n<\/div>\n<p>Auteur: APA News<br \/>\n<a href=\"https:\/\/www.journalducameroun.com\/le-club-agro-sengage-a-accompagner-cote-divoire-vision-2030\/\">Cliquez ici pour lire l&rsquo;article depuis sa source.<\/a><\/p>\n","protected":false},"excerpt":{"rendered":"<p>Le Club Agro C\u00f4te d&rsquo;Ivoire, regroupant des acteurs fran\u00e7ais des secteurs agricoles et agro-alimentaires priv\u00e9s, s&rsquo;engage \u00e0 accompagner le programme de d\u00e9veloppement \u00ab\u00a0C\u00f4te d&rsquo;Ivoire Vision 2030\u00a0\u00bb, lors d&rsquo;une r\u00e9union de rentr\u00e9e \u00e0 Abidjan. La r\u00e9union de rentr\u00e9e du Club Agro qui s&rsquo;est tenue le 08 septembre 2021 dans les locaux de la Soci\u00e9t\u00e9 de culture [&hellip;]<\/p>\n","protected":false},"author":1965,"featured_media":0,"comment_status":"closed","ping_status":"closed","sticky":false,"template":"","format":"standard","meta":{"fifu_image_url":"https:\/\/www.journalducameroun.com\/wp-content\/uploads\/2021\/09\/16314454824098.jpg","fifu_image_alt":"Le Club Agro s\u2019engage \u00e0 accompagner \u00ab\u00a0C\u00f4te d\u2019Ivoire Vision 2030\u00a0\u00bb","footnotes":""},"categories":[73,82],"tags":[],"class_list":["post-126866","post","type-post","status-publish","format-standard","hentry","category-actualite","category-cameroun"],"_links":{"self":[{"href":"https:\/\/linitiative.ca\/International\/wp-json\/wp\/v2\/posts\/126866","targetHints":{"allow":["GET"]}}],"collection":[{"href":"https:\/\/linitiative.ca\/International\/wp-json\/wp\/v2\/posts"}],"about":[{"href":"https:\/\/linitiative.ca\/International\/wp-json\/wp\/v2\/types\/post"}],"author":[{"embeddable":true,"href":"https:\/\/linitiative.ca\/International\/wp-json\/wp\/v2\/users\/1965"}],"replies":[{"embeddable":true,"href":"https:\/\/linitiative.ca\/International\/wp-json\/wp\/v2\/comments?post=126866"}],"version-history":[{"count":0,"href":"https:\/\/linitiative.ca\/International\/wp-json\/wp\/v2\/posts\/126866\/revisions"}],"wp:attachment":[{"href":"https:\/\/linitiative.ca\/International\/wp-json\/wp\/v2\/media?parent=126866"}],"wp:term":[{"taxonomy":"category","embeddable":true,"href":"https:\/\/linitiative.ca\/International\/wp-json\/wp\/v2\/categories?post=126866"},{"taxonomy":"post_tag","embeddable":true,"href":"https:\/\/linitiative.ca\/International\/wp-json\/wp\/v2\/tags?post=126866"}],"curies":[{"name":"wp","href":"https:\/\/api.w.org\/{rel}","templated":true}]}}