{"id":126868,"date":"2021-09-12T15:18:01","date_gmt":"2021-09-12T19:18:01","guid":{"rendered":"https:\/\/linitiative.ca\/International\/cote-divoire-don-de-kits-et-bons-scolaires-dune-organisation-marocaine-a-85-eleves\/"},"modified":"2021-09-12T15:18:01","modified_gmt":"2021-09-12T19:18:01","slug":"cote-divoire-don-de-kits-et-bons-scolaires-dune-organisation-marocaine-a-85-eleves","status":"publish","type":"post","link":"https:\/\/linitiative.ca\/International\/cote-divoire-don-de-kits-et-bons-scolaires-dune-organisation-marocaine-a-85-eleves\/","title":{"rendered":"C\u00f4te d\u2019Ivoire: don de kits et bons scolaires d\u2019une organisation marocaine \u00e0 85 \u00e9l\u00e8ves"},"content":{"rendered":"<div>\n<p><img loading=\"lazy\" decoding=\"async\" width=\"800\" height=\"533\" src=\"https:\/\/linitiative.ca\/International\/wp-content\/uploads\/sites\/23\/2021\/09\/16314742819745.jpg\" class=\"attachment-post-thumbnail size-post-thumbnail wp-post-image\" alt=\"\" srcset=\"https:\/\/linitiative.ca\/International\/wp-content\/uploads\/sites\/23\/2021\/09\/16314742819745.jpg 800w, https:\/\/www.journalducameroun.com\/wp-content\/uploads\/2021\/09\/16314742819745-300x200.jpg 300w, https:\/\/www.journalducameroun.com\/wp-content\/uploads\/2021\/09\/16314742819745-768x512.jpg 768w, https:\/\/www.journalducameroun.com\/wp-content\/uploads\/2021\/09\/16314742819745-660x440.jpg 660w, https:\/\/www.journalducameroun.com\/wp-content\/uploads\/2021\/09\/16314742819745-600x400.jpg 600w\" sizes=\"auto, (max-width: 800px) 100vw, 800px\"><\/p>\n<p>L&rsquo;Assembl\u00e9e du Conseil des Marocains r\u00e9sidents en C\u00f4te d&rsquo;Ivoire (ACMRCI) a remis dimanche \u00e0 Abidjan des bons d&rsquo;achat et kits scolaires \u00e0 85 \u00e9l\u00e8ves, \u00e0 l&rsquo;occasion de la rentr\u00e9e scolaire 2021-2022 qui s&rsquo;ouvre officiellement lundi.<\/p>\n<p>La remise des kits et bons d&rsquo;achat qui a eu lieu \u00e0 la salle Kodjo Eboucl\u00e9 du Palais de la Culture de Treichville, une cit\u00e9 cosmopolite dans le Sud d&rsquo;Abidjan, a \u00e9t\u00e9 rehauss\u00e9e par la pr\u00e9sence de l&rsquo;ambassadeur du Royaume du Maroc, Abdelmalek Kettani.\u00a0<\/p>\n<p>Selon le pr\u00e9sident-fondateur de l&rsquo;Assembl\u00e9e du Conseil des Marocains r\u00e9sidents en C\u00f4te d&rsquo;Ivoire (ACMRCI), Ouazzani Chahdi, \u00ab\u00a085 enfants au total\u00a0\u00bb ont b\u00e9n\u00e9fici\u00e9 de cet accompagnement scolaire contre 138 l&rsquo;ann\u00e9e pr\u00e9c\u00e9dente.\u00a0<\/p>\n<p>\u00a0\u00a0<\/p>\n<p>Ce sont des bons d&rsquo;achat scolaires et des sacs d&rsquo;\u00e9cole qui ont \u00e9t\u00e9 distribu\u00e9s, a indiqu\u00e9 le pr\u00e9sident de l&rsquo;ACMRCI, soulignant que ceux qui ont obtenu le BAC, ont eu un gros lot, notamment un appareil avec des baffes.<\/p>\n<p>\u00ab\u00a0Nous sommes \u00e0 la 5e \u00e9dition et chaque ann\u00e9e, \u00e0 la\u00a0m\u00eame p\u00e9riode, on fait cette c\u00e9r\u00e9monie pour r\u00e9compenser les jeunes qui ont eu le BAC et le BEPC\u00a0\u00bb, a-t-il ajout\u00e9, faisant savoir que cette ann\u00e9e deux \u00e9tudiants ont re\u00e7u des r\u00e9compenses. \u00a0<\/p>\n<p>Conform\u00e9ment \u00e0 la promesse de l&rsquo;association, l&rsquo;ann\u00e9e pass\u00e9e, \u00ab\u00a0on est parti \u00e0 l&rsquo;universit\u00e9 pour chercher quelques \u00e9tudiants pour voir comment on peut les aider\u00a0\u00bb, a-t-il relev\u00e9, mentionnant qu&rsquo;au niveau universitaire, \u00ab\u00a0on a eu deux \u00e9tudiantes, meilleures de leur promotion\u00a0\u00bb. \u00a0\u00a0<\/p>\n<p>\u00ab\u00a0On a essay\u00e9 de contacter aussi le jeune qui a eu la meilleure moyenne au BAC en C\u00f4te d&rsquo;Ivoire, mais on n&rsquo;a pas pu le contacter, ni lui ni ses parents\u00a0\u00bb, a dit M.\u00a0Ouazzani Chahdi, appelant l&rsquo;int\u00e9ress\u00e9 \u00e0 contacter l&rsquo;organisation.\u00a0<\/p>\n<p>L&rsquo;ambassadeur du Royaume ch\u00e9rifien, Abdelmalek Kettani, a d\u00e9clar\u00e9 \u00e0 la presse que c&rsquo;est toujours pour lui \u00ab\u00a0un plaisir et un bonheur de partager avec la communaut\u00e9 marocaine en C\u00f4te d&rsquo;Ivoire sous l&rsquo;\u00e9gide de l&rsquo;Assembl\u00e9e des Marocains r\u00e9sidents en C\u00f4te d&rsquo;Ivoire\u00a0\u00bb cet instant. \u00a0 \u00a0\u00a0<\/p>\n<p>Le diplomate marocain a f\u00e9licit\u00e9 l&rsquo;organisation qui, soulignera-t-il, \u00ab\u00a0travaille bien\u00a0\u00bb. Et, aujourd&rsquo;hui, remet encore le couvert en donnant \u00ab\u00a0une occasion pour c\u00e9l\u00e9brer l&rsquo;excellence des jeunes Marocains, des Maroco-Ivoiriens, des Ivoiriens amis et fr\u00e8res\u00a0\u00bb. \u00a0<\/p>\n<p>Il s&rsquo;est r\u00e9joui d&rsquo;\u00eatre \u00e0 cette c\u00e9l\u00e9bration qui s&rsquo;est tenue \u00ab\u00a0dans la symbiose, dans l&rsquo;amiti\u00e9, dans la fraternit\u00e9 pour encourager des jeunes non seulement \u00e0 avoir de meilleurs r\u00e9sultats, mais aussi \u00a0reconna\u00eetre les \u00e9l\u00e8ves m\u00e9ritants\u00a0\u00bb. \u00a0 \u00a0<\/p>\n<p>L&rsquo;ACMRCI a offert ces dons en collaboration avec la Fondation Hassan II pour les Marocains r\u00e9sident \u00e0 l&rsquo;\u00e9tranger. L&rsquo;organisation, au travers de cet appui, veut c\u00e9l\u00e9brer la culture de l&rsquo;excellence, encourager les laur\u00e9ats et aider les parents d&rsquo;\u00e9l\u00e8ves.\u00a0\u00a0 \u00a0<\/p>\n<p>Cet article <a rel=\"nofollow\" href=\"https:\/\/www.journalducameroun.com\/cote-divoire-don-de-kits-et-bons-scolaires-dune-organisation-marocaine-a-85-eleves\/\">C\u00f4te d\u2019Ivoire: don de kits et bons scolaires d\u2019une organisation marocaine \u00e0 85 \u00e9l\u00e8ves<\/a> est apparu en premier sur <a rel=\"nofollow\" href=\"https:\/\/www.journalducameroun.com\/\">Journal du Cameroun<\/a>.<\/p>\n<\/div>\n<p>Auteur: APA News<br \/>\n<a href=\"https:\/\/www.journalducameroun.com\/cote-divoire-don-de-kits-et-bons-scolaires-dune-organisation-marocaine-a-85-eleves\/\">Cliquez ici pour lire l&rsquo;article depuis sa source.<\/a><\/p>\n","protected":false},"excerpt":{"rendered":"<p>L&rsquo;Assembl\u00e9e du Conseil des Marocains r\u00e9sidents en C\u00f4te d&rsquo;Ivoire (ACMRCI) a remis dimanche \u00e0 Abidjan des bons d&rsquo;achat et kits scolaires \u00e0 85 \u00e9l\u00e8ves, \u00e0 l&rsquo;occasion de la rentr\u00e9e scolaire 2021-2022 qui s&rsquo;ouvre officiellement lundi. La remise des kits et bons d&rsquo;achat qui a eu lieu \u00e0 la salle Kodjo Eboucl\u00e9 du Palais de la [&hellip;]<\/p>\n","protected":false},"author":1965,"featured_media":0,"comment_status":"closed","ping_status":"closed","sticky":false,"template":"","format":"standard","meta":{"fifu_image_url":"https:\/\/www.journalducameroun.com\/wp-content\/uploads\/2021\/09\/16314742819745.jpg","fifu_image_alt":"C\u00f4te d\u2019Ivoire: don de kits et bons scolaires d\u2019une organisation marocaine \u00e0 85 \u00e9l\u00e8ves","footnotes":""},"categories":[73,82],"tags":[],"class_list":["post-126868","post","type-post","status-publish","format-standard","hentry","category-actualite","category-cameroun"],"_links":{"self":[{"href":"https:\/\/linitiative.ca\/International\/wp-json\/wp\/v2\/posts\/126868","targetHints":{"allow":["GET"]}}],"collection":[{"href":"https:\/\/linitiative.ca\/International\/wp-json\/wp\/v2\/posts"}],"about":[{"href":"https:\/\/linitiative.ca\/International\/wp-json\/wp\/v2\/types\/post"}],"author":[{"embeddable":true,"href":"https:\/\/linitiative.ca\/International\/wp-json\/wp\/v2\/users\/1965"}],"replies":[{"embeddable":true,"href":"https:\/\/linitiative.ca\/International\/wp-json\/wp\/v2\/comments?post=126868"}],"version-history":[{"count":0,"href":"https:\/\/linitiative.ca\/International\/wp-json\/wp\/v2\/posts\/126868\/revisions"}],"wp:attachment":[{"href":"https:\/\/linitiative.ca\/International\/wp-json\/wp\/v2\/media?parent=126868"}],"wp:term":[{"taxonomy":"category","embeddable":true,"href":"https:\/\/linitiative.ca\/International\/wp-json\/wp\/v2\/categories?post=126868"},{"taxonomy":"post_tag","embeddable":true,"href":"https:\/\/linitiative.ca\/International\/wp-json\/wp\/v2\/tags?post=126868"}],"curies":[{"name":"wp","href":"https:\/\/api.w.org\/{rel}","templated":true}]}}