{"id":126870,"date":"2021-09-12T04:14:25","date_gmt":"2021-09-12T08:14:25","guid":{"rendered":"https:\/\/linitiative.ca\/International\/lunion-europeenne-signe-une-convention-de-financement-avec-la-start-up-kmer-tech-pour-faire-face-a-la-covid-19\/"},"modified":"2021-09-12T04:14:25","modified_gmt":"2021-09-12T08:14:25","slug":"lunion-europeenne-signe-une-convention-de-financement-avec-la-start-up-kmer-tech-pour-faire-face-a-la-covid-19","status":"publish","type":"post","link":"https:\/\/linitiative.ca\/International\/lunion-europeenne-signe-une-convention-de-financement-avec-la-start-up-kmer-tech-pour-faire-face-a-la-covid-19\/","title":{"rendered":"L\u2019Union Europ\u00e9enne signe une convention de financement avec la start-up Kmer-Tech pour faire face \u00e0 la Covid-19"},"content":{"rendered":"<div>\n<p>La pand\u00e9mie de Coronavirus continue de s\u00e9vir, et d\u2019impacter les \u00e9conomies mondiales, m\u00eame s\u2019il faut noter une relative stabilit\u00e9 gr\u00e2ce \u00e0 la r\u00e9silience des entreprises pour soutenir le tissu \u00e9conomique. Et c\u2019est pour accompagner cette r\u00e9silience que l\u2019Union Europ\u00e9enne s\u2019est engag\u00e9e \u00e0 la signature d\u2019une convention de financement avec la start-up Kmer-Tech, en vue de soutenir les efforts d\u2019adaptation \u00e9conomique \u00e0 la crise. La c\u00e9r\u00e9monie y relative a eu lieu vendredi dernier au Centre International de l\u2019Artisanat \u00e0 Yaound\u00e9, en pr\u00e9sence du minist\u00e8re des Petites et moyennes entreprises, de l\u2019Economie et de l\u2019Artisanat.<\/p>\n<p><strong>Lire<\/strong> <strong>aussi <\/strong>: <strong><a href=\"https:\/\/ecomatin.net\/assemblee-nationale-10-recommandations-pour-ameliorer-le-financement-de-lentrepreneuriat\/\">Assembl\u00e9e nationale : 10 recommandations pour am\u00e9liorer le financement de l\u2019entrepreneuriat<\/a><\/strong><\/p>\n<p>Concr\u00e8tement, l\u2019objectif de cette convention est de soutenir les solutions innovantes destin\u00e9es \u00e0 contourner les difficult\u00e9s caus\u00e9es par la Covid-19. Pour l\u2019heure, le montant de cet accord n\u2019est pas encore d\u00e9voil\u00e9.<\/p>\n<p>En signant cette convention, le Pr\u00e9sident de Kmer-Tech Steve Tchoumba, estime qu\u2019il s\u2019agit d\u2019une occasion de mettre \u00e0 profit le dynamisme et le savoir-faire de sa jeune structure. Pour sa part, l\u2019Ambassadeur de l\u2019Union Europ\u00e9enne au Cameroun et en Guin\u00e9e Equatoriale Philippe Van Damme soutient que le Cameroun et l\u2019Afrique toute enti\u00e8re doivent exp\u00e9rimenter le digital, l\u2019innovation pour se d\u00e9velopper et cr\u00e9er de la richesse et des emplois.<\/p>\n<p><strong>Lire aussi<\/strong> : <strong><a href=\"https:\/\/ecomatin.net\/entrepreneuriat-plus-de-13-000-pme-creees-en-2018-au-cameroun\/\">Entrepreneuriat : plus de 13 000 PME cr\u00e9\u00e9es en 2018 au Cameroun<\/a><\/strong><\/p>\n<p>Kmer-Tech qui b\u00e9n\u00e9ficie de cet appui de l\u2019UE est un r\u00e9seau camerounais des structures d\u2019accompagnement \u00e0 l\u2019entrepreneuriat technologique et innovant. Elle a \u00e9t\u00e9 cr\u00e9\u00e9e en juin 2020 et vise \u00e0 pr\u00e9parer l\u2019\u00e9cosyst\u00e8me pour un meilleur rayonnement de l\u2019entrepreneuriat technologique en vue de booster l\u2019\u00e9conomie num\u00e9rique.<\/p>\n<p>Elle s\u2019est donn\u00e9e pour missions de promouvoir et de valoriser l\u2019\u00e9cosyst\u00e8me entrepreneurial innovant afin de b\u00e2tir un \u00e9cosyst\u00e8me social solide dynamique et rayonnant \u00e0 l\u2019international\u00a0; l\u2019am\u00e9lioration de la cr\u00e9dibilisation de la qualit\u00e9 des prestations de services des structures d\u2019accompagnement\u00a0; la promotion et la valorisation des \u00ab\u00a0vrais start-upeurs\u00a0\u00bb\u00a0; la promotion de la culture de l\u2019entrepreneuriat innovant et de croissance\u00a0; l\u2019\u00e9laboration des propositions \u00e0 l\u2019endroit des pouvoirs publics et des diff\u00e9rents partenaires techniques et\/ou financiers pour la mise en place d\u2019un \u00e9cosyst\u00e8me favorable au d\u00e9veloppement des entreprises innovantes.<\/p>\n<p><strong>Lire aussi<\/strong> : <strong><a href=\"https:\/\/ecomatin.net\/soutien-a-lentrepreneuriat-le-gicam-inaugure-son-centre-dincubation\/\">Soutien \u00e0 l\u2019entrepreneuriat : le Gicam inaugure son centre d\u2019incubation<\/a><\/strong><\/p>\n<p>L\u2019article <a rel=\"nofollow\" href=\"https:\/\/ecomatin.net\/lunion-europeenne-signe-une-convention-de-financement-avec-la-start-up-kmer-tech-pour-faire-face-a-la-covid-19\/\">L\u2019Union Europ\u00e9enne signe une convention de financement avec la start-up Kmer-Tech pour faire face \u00e0 la Covid-19<\/a> est apparu en premier sur <a rel=\"nofollow\" href=\"https:\/\/ecomatin.net\/\">EcoMatin<\/a>.<\/p>\n<\/div>\n<p>Auteur: Yannick KENNE<br \/>\n<a href=\"https:\/\/ecomatin.net\/lunion-europeenne-signe-une-convention-de-financement-avec-la-start-up-kmer-tech-pour-faire-face-a-la-covid-19\/\">Cliquez ici pour lire l&rsquo;article depuis sa source.<\/a><\/p>\n","protected":false},"excerpt":{"rendered":"<p>La pand\u00e9mie de Coronavirus continue de s\u00e9vir, et d\u2019impacter les \u00e9conomies mondiales, m\u00eame s\u2019il faut noter une relative stabilit\u00e9 gr\u00e2ce \u00e0 la r\u00e9silience des entreprises pour soutenir le tissu \u00e9conomique. Et c\u2019est pour accompagner cette r\u00e9silience que l\u2019Union Europ\u00e9enne s\u2019est engag\u00e9e \u00e0 la signature d\u2019une convention de financement avec la start-up Kmer-Tech, en vue de [&hellip;]<\/p>\n","protected":false},"author":1969,"featured_media":0,"comment_status":"closed","ping_status":"closed","sticky":false,"template":"","format":"standard","meta":{"fifu_image_url":"","fifu_image_alt":"","footnotes":""},"categories":[82,78],"tags":[],"class_list":["post-126870","post","type-post","status-publish","format-standard","hentry","category-cameroun","category-economie"],"_links":{"self":[{"href":"https:\/\/linitiative.ca\/International\/wp-json\/wp\/v2\/posts\/126870","targetHints":{"allow":["GET"]}}],"collection":[{"href":"https:\/\/linitiative.ca\/International\/wp-json\/wp\/v2\/posts"}],"about":[{"href":"https:\/\/linitiative.ca\/International\/wp-json\/wp\/v2\/types\/post"}],"author":[{"embeddable":true,"href":"https:\/\/linitiative.ca\/International\/wp-json\/wp\/v2\/users\/1969"}],"replies":[{"embeddable":true,"href":"https:\/\/linitiative.ca\/International\/wp-json\/wp\/v2\/comments?post=126870"}],"version-history":[{"count":0,"href":"https:\/\/linitiative.ca\/International\/wp-json\/wp\/v2\/posts\/126870\/revisions"}],"wp:attachment":[{"href":"https:\/\/linitiative.ca\/International\/wp-json\/wp\/v2\/media?parent=126870"}],"wp:term":[{"taxonomy":"category","embeddable":true,"href":"https:\/\/linitiative.ca\/International\/wp-json\/wp\/v2\/categories?post=126870"},{"taxonomy":"post_tag","embeddable":true,"href":"https:\/\/linitiative.ca\/International\/wp-json\/wp\/v2\/tags?post=126870"}],"curies":[{"name":"wp","href":"https:\/\/api.w.org\/{rel}","templated":true}]}}