{"id":126871,"date":"2021-09-12T13:37:29","date_gmt":"2021-09-12T17:37:29","guid":{"rendered":"https:\/\/linitiative.ca\/International\/promotion-des-pme-le-fagace-va-apporter-son-accompagnement-au-cameroun\/"},"modified":"2021-09-12T13:37:29","modified_gmt":"2021-09-12T17:37:29","slug":"promotion-des-pme-le-fagace-va-apporter-son-accompagnement-au-cameroun","status":"publish","type":"post","link":"https:\/\/linitiative.ca\/International\/promotion-des-pme-le-fagace-va-apporter-son-accompagnement-au-cameroun\/","title":{"rendered":"Promotion des PME : le Fagace va apporter son accompagnement au Cameroun"},"content":{"rendered":"<div>\n<p>Le ministre du Commerce (Mincommerce), Luc Magloire Mbarga Atangana et le repr\u00e9sentant au Cameroun du Fonds africain de garantie et de coop\u00e9ration \u00e9conomique (Fagace), Yacouba Abdoulaye, ont sign\u00e9 le\u00a0\u00a08 septembre 2021, un accord de convention relatif \u00e0 l\u2019accompagnement des petites et moyennes entreprises camerounaises (PME). C\u2019\u00e9tait au cours d\u2019une c\u00e9r\u00e9monie pr\u00e9sid\u00e9e par le Mincommerce, qui a vu la participation des responsables des groupements des secteurs agroindustriel, pharmaceutique, cosm\u00e9tique entre autres, et durant laquelle, la strat\u00e9gie de d\u00e9veloppement du label \u00ab\u00a0made in Cameroon\u00a0\u00bb, a \u00e9t\u00e9 pr\u00e9sent\u00e9e.<\/p>\n<p><strong>Lire aussi<\/strong> : <strong><a href=\"https:\/\/ecomatin.net\/lunion-europeenne-signe-une-convention-de-financement-avec-la-start-up-kmer-tech-pour-faire-face-a-la-covid-19\/\">L\u2019Union Europ\u00e9enne signe une convention de financement avec la start-up Kmer-Tech pour faire face \u00e0 la Covid-19<\/a><\/strong><\/p>\n<p>Cot\u00e9 camerounais, l\u2019on voit en cette opportunit\u00e9 de structurer le d\u00e9veloppement de la production locale et de b\u00e9n\u00e9ficier de formation. \u00ab\u00a0Le vrai probl\u00e8me aujourd\u2019hui, est un probl\u00e8me d\u2019accompagnement. Accompagnement financier mais aussi en terme de structuration. Nous avons v\u00e9ritablement besoin de constituer des fili\u00e8res et de les structurer. Et de ce point de vue, nous pouvons trouver aupr\u00e8s de ce fonds africain de garantie et de coop\u00e9ration \u00e9conomique, un accompagnement en termes de formation mais aussi d\u2019interm\u00e9diation, la mise en relation, notamment la coop\u00e9ration entre pays, de mani\u00e8re \u00e0 ce que la fluidit\u00e9 dans la circulation des produits soit assur\u00e9e\u00a0\u00bb, a confi\u00e9 le Mincommerce \u00e0 la Crtv. Par ailleurs cet accord permettra de soutenir la production locale pour se conformer aux objectifs de la Strat\u00e9gie nationale de d\u00e9veloppement.<\/p>\n<p><strong>Lire aussi<\/strong> : <strong><a href=\"https:\/\/ecomatin.net\/assemblee-nationale-10-recommandations-pour-ameliorer-le-financement-de-lentrepreneuriat\/\">Assembl\u00e9e nationale : 10 recommandations pour am\u00e9liorer le financement de l\u2019entrepreneuriat<\/a><\/strong><\/p>\n<p>Du c\u00f4t\u00e9 du Fagace il \u00e9tait question d\u2019\u00ab\u00a0\u00e9changer avec les porteurs de projets pour voir dans quelle mesure nous pouvons appuyer le financement de leurs projets\u00a0\u00bb, a indiqu\u00e9 Yacouba Abdoulaye, repr\u00e9sentant du Fagace. Et de rench\u00e9rir \u00ab\u00a0j\u2019ai pris connaissance de ce qu\u2019ils peuvent faire, j\u2019ai \u00e9t\u00e9 impressionn\u00e9 par ce que j\u2019ai vu. Les op\u00e9rateurs \u00e9conomiques sont pr\u00eats. Nous sommes pr\u00eats \u00e0 les accompagner afin de jouer notre r\u00f4le de contribution au d\u00e9veloppement \u00e9conomique des Etats de la sous-r\u00e9gion\u00a0\u00bb. L\u2019institution financi\u00e8re devra pr\u00e9cis\u00e9ment dans le cadre de ce nouvel accord intervenir en termes de garantie pour faciliter l\u2019obtention des cr\u00e9dits aupr\u00e8s des banques, fournir aux PME un accompagnement en terme de formation en gestion des projets et les mettre en relation avec d\u2019autres pays qui figure dans leur portefeuille.<\/p>\n<p><strong>Lire aussi<\/strong> : <strong><a href=\"https:\/\/ecomatin.net\/entrepreneuriat-plus-de-13-000-pme-creees-en-2018-au-cameroun\/\">Entrepreneuriat : plus de 13 000 PME cr\u00e9\u00e9es en 2018 au Cameroun<\/a><\/strong><\/p>\n<p>Pour rappel, le Fonds africain de garantie et de coop\u00e9ration \u00e9conomique (Fagace), est une institution financi\u00e8re panafricaine d\u2019accompagnement des PME, des entreprises, les cr\u00e9ateurs de cr\u00e9ateurs de richesse \u00e0 travers des garanties aupr\u00e8s des banques pour financer les investissements. Pour le cas pr\u00e9cis du Cameroun, o\u00f9 l\u2019institution est op\u00e9rationnelle depuis 2006, elle a facilit\u00e9 la mobilisation de la somme de 90 milliards de Fcfa.<\/p>\n<p>L\u2019article <a rel=\"nofollow\" href=\"https:\/\/ecomatin.net\/promotion-des-pme-le-fagace-va-apporter-son-accompagnement-au-cameroun\/\">Promotion des PME : le Fagace va apporter son accompagnement au Cameroun<\/a> est apparu en premier sur <a rel=\"nofollow\" href=\"https:\/\/ecomatin.net\/\">EcoMatin<\/a>.<\/p>\n<\/div>\n<p>Auteur: Cindy MBALA<br \/>\n<a href=\"https:\/\/ecomatin.net\/promotion-des-pme-le-fagace-va-apporter-son-accompagnement-au-cameroun\/\">Cliquez ici pour lire l&rsquo;article depuis sa source.<\/a><\/p>\n","protected":false},"excerpt":{"rendered":"<p>Le ministre du Commerce (Mincommerce), Luc Magloire Mbarga Atangana et le repr\u00e9sentant au Cameroun du Fonds africain de garantie et de coop\u00e9ration \u00e9conomique (Fagace), Yacouba Abdoulaye, ont sign\u00e9 le\u00a0\u00a08 septembre 2021, un accord de convention relatif \u00e0 l\u2019accompagnement des petites et moyennes entreprises camerounaises (PME). C\u2019\u00e9tait au cours d\u2019une c\u00e9r\u00e9monie pr\u00e9sid\u00e9e par le Mincommerce, qui [&hellip;]<\/p>\n","protected":false},"author":1969,"featured_media":0,"comment_status":"closed","ping_status":"closed","sticky":false,"template":"","format":"standard","meta":{"fifu_image_url":"","fifu_image_alt":"","footnotes":""},"categories":[82,78],"tags":[],"class_list":["post-126871","post","type-post","status-publish","format-standard","hentry","category-cameroun","category-economie"],"_links":{"self":[{"href":"https:\/\/linitiative.ca\/International\/wp-json\/wp\/v2\/posts\/126871","targetHints":{"allow":["GET"]}}],"collection":[{"href":"https:\/\/linitiative.ca\/International\/wp-json\/wp\/v2\/posts"}],"about":[{"href":"https:\/\/linitiative.ca\/International\/wp-json\/wp\/v2\/types\/post"}],"author":[{"embeddable":true,"href":"https:\/\/linitiative.ca\/International\/wp-json\/wp\/v2\/users\/1969"}],"replies":[{"embeddable":true,"href":"https:\/\/linitiative.ca\/International\/wp-json\/wp\/v2\/comments?post=126871"}],"version-history":[{"count":0,"href":"https:\/\/linitiative.ca\/International\/wp-json\/wp\/v2\/posts\/126871\/revisions"}],"wp:attachment":[{"href":"https:\/\/linitiative.ca\/International\/wp-json\/wp\/v2\/media?parent=126871"}],"wp:term":[{"taxonomy":"category","embeddable":true,"href":"https:\/\/linitiative.ca\/International\/wp-json\/wp\/v2\/categories?post=126871"},{"taxonomy":"post_tag","embeddable":true,"href":"https:\/\/linitiative.ca\/International\/wp-json\/wp\/v2\/tags?post=126871"}],"curies":[{"name":"wp","href":"https:\/\/api.w.org\/{rel}","templated":true}]}}