{"id":126873,"date":"2021-09-13T06:43:52","date_gmt":"2021-09-13T10:43:52","guid":{"rendered":"https:\/\/linitiative.ca\/International\/pour-se-mettre-exclusivement-au-service-de-la-patrie-aziz-akhannouch-se-desengage-du-holding-familial\/"},"modified":"2021-09-13T06:43:52","modified_gmt":"2021-09-13T10:43:52","slug":"pour-se-mettre-exclusivement-au-service-de-la-patrie-aziz-akhannouch-se-desengage-du-holding-familial","status":"publish","type":"post","link":"https:\/\/linitiative.ca\/International\/pour-se-mettre-exclusivement-au-service-de-la-patrie-aziz-akhannouch-se-desengage-du-holding-familial\/","title":{"rendered":"Pour se mettre exclusivement au service de la Patrie : Aziz Akhannouch se d\u00e9sengage du holding familial"},"content":{"rendered":"<div>\n<p><img decoding=\"async\" width=\"300\" height=\"153\" src=\"https:\/\/linitiative.ca\/International\/wp-content\/uploads\/sites\/23\/2021\/09\/Aziz-Akhannouch-etait-en-meeting-a-Tetouan-300x153-1.jpg\" class=\"attachment-medium size-medium wp-post-image\" alt=\"\" loading=\"lazy\" srcset=\"\/\/aujourdhui.ma\/wp-content\/uploads\/2021\/09\/Aziz-Akhannouch-etait-en-meeting-a-Tetouan-300x153.jpg 300w, \/\/aujourdhui.ma\/wp-content\/uploads\/2021\/09\/Aziz-Akhannouch-etait-en-meeting-a-Tetouan-274x140.jpg 274w, \/\/aujourdhui.ma\/wp-content\/uploads\/2021\/09\/Aziz-Akhannouch-etait-en-meeting-a-Tetouan.jpg 746w, \/\/aujourdhui.ma\/wp-content\/uploads\/2021\/09\/Aziz-Akhannouch-etait-en-meeting-a-Tetouan-165x84.jpg 165w, \/\/aujourdhui.ma\/wp-content\/uploads\/2021\/09\/Aziz-Akhannouch-etait-en-meeting-a-Tetouan-702x358.jpg 702w\" sizes=\"auto, (max-width: 300px) 100vw, 300px\"><\/p>\n<p><span style=\"font-size: 20px; color: #800000;\"><strong>Entre le secteur priv\u00e9 et la Patrie, Aziz Akhannouch a fait un choix. Suite \u00e0 sa nomination par Sa Majest\u00e9 le Roi, Chef de gouvernement charg\u00e9 de former le gouvernement, M.Aziz Akhannouch a entam\u00e9 un processus imm\u00e9diat de retrait de toute gestion au sein du holding familial.<\/strong><\/span><br \/>\n<span id=\"more-386518\"><\/span><\/p>\n<p>D\u00e8s son premier mandat en tant que ministre, M. Aziz Akhannouch avait d\u00e9j\u00e0 suspendu toute activit\u00e9 professionnelle ou commerciale, notamment la participation dans les organes de direction, de gestion et d\u2019administration des entreprises priv\u00e9es du groupe familial.<\/p>\n<p>Il a d\u00e9cid\u00e9 aujourd\u2019hui, de se d\u00e9sengager enti\u00e8rement, y compris des activit\u00e9s li\u00e9es exclusivement \u00e0 la prise de participation et gestion des valeurs mobili\u00e8res. Et ce en d\u00e9pit de l\u2019absence de toute restriction l\u00e9gale.<br \/>\nEn effet, m\u00eame si la loi le permet, M. Akhannouch a abandonn\u00e9 toute activit\u00e9 de gestion dans le priv\u00e9, se consacrant enti\u00e8rement aux nouvelles fonctions dont il a \u00e9t\u00e9 investi par Le Souverain.<\/p>\n<\/div>\n<p>Auteur: ALM<br \/>\n<a href=\"https:\/\/aujourdhui.ma\/actualite\/pour-se-mettre-exclusivement-au-service-de-la-patrie-aziz-akhannouch-se-desengage-du-holding-familial\">Cliquez ici pour lire l&rsquo;article depuis sa source.<\/a><\/p>\n","protected":false},"excerpt":{"rendered":"<p>Entre le secteur priv\u00e9 et la Patrie, Aziz Akhannouch a fait un choix. Suite \u00e0 sa nomination par Sa Majest\u00e9 le Roi, Chef de gouvernement charg\u00e9 de former le gouvernement, M.Aziz Akhannouch a entam\u00e9 un processus imm\u00e9diat de retrait de toute gestion au sein du holding familial. D\u00e8s son premier mandat en tant que ministre, [&hellip;]<\/p>\n","protected":false},"author":1759,"featured_media":0,"comment_status":"closed","ping_status":"closed","sticky":false,"template":"","format":"standard","meta":{"fifu_image_url":"https:\/\/aujourdhui.ma\/wp-content\/uploads\/2021\/09\/Aziz-Akhannouch-etait-en-meeting-a-Tetouan-300x153.jpg","fifu_image_alt":"Pour se mettre exclusivement au service de la Patrie : Aziz Akhannouch se d\u00e9sengage du holding familial","footnotes":""},"categories":[73,54],"tags":[],"class_list":["post-126873","post","type-post","status-publish","format-standard","hentry","category-actualite","category-maroc"],"_links":{"self":[{"href":"https:\/\/linitiative.ca\/International\/wp-json\/wp\/v2\/posts\/126873","targetHints":{"allow":["GET"]}}],"collection":[{"href":"https:\/\/linitiative.ca\/International\/wp-json\/wp\/v2\/posts"}],"about":[{"href":"https:\/\/linitiative.ca\/International\/wp-json\/wp\/v2\/types\/post"}],"author":[{"embeddable":true,"href":"https:\/\/linitiative.ca\/International\/wp-json\/wp\/v2\/users\/1759"}],"replies":[{"embeddable":true,"href":"https:\/\/linitiative.ca\/International\/wp-json\/wp\/v2\/comments?post=126873"}],"version-history":[{"count":0,"href":"https:\/\/linitiative.ca\/International\/wp-json\/wp\/v2\/posts\/126873\/revisions"}],"wp:attachment":[{"href":"https:\/\/linitiative.ca\/International\/wp-json\/wp\/v2\/media?parent=126873"}],"wp:term":[{"taxonomy":"category","embeddable":true,"href":"https:\/\/linitiative.ca\/International\/wp-json\/wp\/v2\/categories?post=126873"},{"taxonomy":"post_tag","embeddable":true,"href":"https:\/\/linitiative.ca\/International\/wp-json\/wp\/v2\/tags?post=126873"}],"curies":[{"name":"wp","href":"https:\/\/api.w.org\/{rel}","templated":true}]}}