{"id":126875,"date":"2021-09-13T10:00:24","date_gmt":"2021-09-13T14:00:24","guid":{"rendered":"https:\/\/linitiative.ca\/International\/une-femme-se-jette-dans-le-vide-a-marrakech-et-un-gardien-de-voitures-se-suicide-par-pendaison-a-tanger\/"},"modified":"2021-09-13T10:00:24","modified_gmt":"2021-09-13T14:00:24","slug":"une-femme-se-jette-dans-le-vide-a-marrakech-et-un-gardien-de-voitures-se-suicide-par-pendaison-a-tanger","status":"publish","type":"post","link":"https:\/\/linitiative.ca\/International\/une-femme-se-jette-dans-le-vide-a-marrakech-et-un-gardien-de-voitures-se-suicide-par-pendaison-a-tanger\/","title":{"rendered":"Une femme se jette dans le vide \u00e0 Marrakech et un gardien de voitures se suicide par pendaison \u00e0 Tanger"},"content":{"rendered":"<div>\n<p><img decoding=\"async\" width=\"300\" height=\"153\" src=\"https:\/\/linitiative.ca\/International\/wp-content\/uploads\/sites\/23\/2021\/09\/Suicide-300x153-1.jpg\" class=\"attachment-medium size-medium wp-post-image\" alt=\"\" loading=\"lazy\" srcset=\"\/\/aujourdhui.ma\/wp-content\/uploads\/2019\/10\/Suicide-300x153.jpg 300w, \/\/aujourdhui.ma\/wp-content\/uploads\/2019\/10\/Suicide.jpg 746w\" sizes=\"auto, (max-width: 300px) 100vw, 300px\"><\/p>\n<p><span style=\"color: #800000;\"><strong>Une jeune femme s\u2019est donn\u00e9 la mort, la nuit du mercredi au jeudi, en se jetant depuis le cinqui\u00e8me \u00e9tage d\u2019une r\u00e9sidence situ\u00e9e au quartier Al Massira II relevant de l\u2019arrondissement El M\u00e9nara, \u00e0 Marrakech.<\/strong><\/span><span id=\"more-386506\"><\/span><\/p>\n<p>Les \u00e9l\u00e9ments de la police judiciaire se sont d\u00e9p\u00each\u00e9s sur les lieux pour entamer une enqu\u00eate permettant de d\u00e9terminer les causes et les circonstances de cet acte suicidaire qui a co\u00fbt\u00e9 la vie \u00e0 cette jeune femme. Tandis que le cadavre a \u00e9t\u00e9 conduit vers la morgue. A Tanger, un gardien de voitures, \u00e2g\u00e9 de quarante-trois ans, s\u2019est suicid\u00e9, \u00e9galement lundi dernier, par pendaison. Son cadavre qui a \u00e9t\u00e9 retrouv\u00e9, chez lui, au quartier Marchane, pendu \u00e0 une corde accroch\u00e9e au plafond d\u2019une chambre a \u00e9t\u00e9 \u00e9vacu\u00e9 vers la morgue de l\u2019h\u00f4pital Duc De Tovar afin d\u2019\u00eatre soumis \u00e0 une autopsie.<\/p>\n<\/div>\n<p>Auteur: Abderrafii ALOUMLIKI<br \/>\n<a href=\"https:\/\/aujourdhui.ma\/faits-divers\/une-femme-se-jette-dans-le-vide-a-marrakech-et-un-gardien-de-voitures-se-suicide-par-pendaison-a-tanger\">Cliquez ici pour lire l&rsquo;article depuis sa source.<\/a><\/p>\n","protected":false},"excerpt":{"rendered":"<p>Une jeune femme s\u2019est donn\u00e9 la mort, la nuit du mercredi au jeudi, en se jetant depuis le cinqui\u00e8me \u00e9tage d\u2019une r\u00e9sidence situ\u00e9e au quartier Al Massira II relevant de l\u2019arrondissement El M\u00e9nara, \u00e0 Marrakech. Les \u00e9l\u00e9ments de la police judiciaire se sont d\u00e9p\u00each\u00e9s sur les lieux pour entamer une enqu\u00eate permettant de d\u00e9terminer les [&hellip;]<\/p>\n","protected":false},"author":1759,"featured_media":0,"comment_status":"closed","ping_status":"closed","sticky":false,"template":"","format":"standard","meta":{"fifu_image_url":"https:\/\/aujourdhui.ma\/wp-content\/uploads\/2019\/10\/Suicide-300x153.jpg","fifu_image_alt":"Une femme se jette dans le vide \u00e0 Marrakech et un gardien de voitures se suicide par pendaison \u00e0 Tanger","footnotes":""},"categories":[73,54],"tags":[],"class_list":["post-126875","post","type-post","status-publish","format-standard","hentry","category-actualite","category-maroc"],"_links":{"self":[{"href":"https:\/\/linitiative.ca\/International\/wp-json\/wp\/v2\/posts\/126875","targetHints":{"allow":["GET"]}}],"collection":[{"href":"https:\/\/linitiative.ca\/International\/wp-json\/wp\/v2\/posts"}],"about":[{"href":"https:\/\/linitiative.ca\/International\/wp-json\/wp\/v2\/types\/post"}],"author":[{"embeddable":true,"href":"https:\/\/linitiative.ca\/International\/wp-json\/wp\/v2\/users\/1759"}],"replies":[{"embeddable":true,"href":"https:\/\/linitiative.ca\/International\/wp-json\/wp\/v2\/comments?post=126875"}],"version-history":[{"count":0,"href":"https:\/\/linitiative.ca\/International\/wp-json\/wp\/v2\/posts\/126875\/revisions"}],"wp:attachment":[{"href":"https:\/\/linitiative.ca\/International\/wp-json\/wp\/v2\/media?parent=126875"}],"wp:term":[{"taxonomy":"category","embeddable":true,"href":"https:\/\/linitiative.ca\/International\/wp-json\/wp\/v2\/categories?post=126875"},{"taxonomy":"post_tag","embeddable":true,"href":"https:\/\/linitiative.ca\/International\/wp-json\/wp\/v2\/tags?post=126875"}],"curies":[{"name":"wp","href":"https:\/\/api.w.org\/{rel}","templated":true}]}}