{"id":126881,"date":"2021-09-13T11:35:25","date_gmt":"2021-09-13T15:35:25","guid":{"rendered":"https:\/\/linitiative.ca\/International\/covid-19-maroc-la-situation-epidemiologique-au-13-septembre-2021-a-16h00\/"},"modified":"2021-09-13T11:35:25","modified_gmt":"2021-09-13T15:35:25","slug":"covid-19-maroc-la-situation-epidemiologique-au-13-septembre-2021-a-16h00","status":"publish","type":"post","link":"https:\/\/linitiative.ca\/International\/covid-19-maroc-la-situation-epidemiologique-au-13-septembre-2021-a-16h00\/","title":{"rendered":"Covid-19 \/ Maroc : La situation \u00e9pid\u00e9miologique au 13 septembre 2021 \u00e0 16H00"},"content":{"rendered":"<div>\n<p><span style=\"font-size: 20px; color: #800000;\"><strong>Entre hier \u00e0 16H00 et aujourd\u2019hui \u00e0 16H00<\/strong><\/span><span id=\"more-386522\"><\/span><\/p>\n<p>917\u00a0 nouveaux cas soit un cumul de 905.564 cas \u00e0 ce jour.<\/p>\n<p>4 451\u00a0 gu\u00e9risons soit un cumul de 862.106 \u00e0 ce jour.<\/p>\n<p>72 nouveaux d\u00e9c\u00e8s donc un cumul de 13.618 \u00e0 ce jour.<\/p>\n<p><span style=\"color: #ff0000;\"><strong>Nombre de personnes vaccin\u00e9es au 13 septembre 16H00<\/strong><\/span><\/p>\n<p>1\u00e8re dose :<strong> 20 154 375<br \/>\n<\/strong><\/p>\n<p>2\u00e8me dose :<strong> 16 667 989<\/strong><\/p>\n<p><a href=\"https:\/\/aujourdhui.ma\/wp-content\/uploads\/2021\/09\/13.9.21.COVID-19_Page_1.jpg\"><img decoding=\"async\" loading=\"lazy\" class=\"alignnone size-large wp-image-386529\" src=\"https:\/\/linitiative.ca\/International\/wp-content\/uploads\/sites\/23\/2021\/09\/13.9.21.COVID-19_Page_1-724x1024-1.jpg\" alt=\"\" width=\"724\" height=\"1024\" srcset=\"\/\/aujourdhui.ma\/wp-content\/uploads\/2021\/09\/13.9.21.COVID-19_Page_1-724x1024.jpg 724w, \/\/aujourdhui.ma\/wp-content\/uploads\/2021\/09\/13.9.21.COVID-19_Page_1-212x300.jpg 212w, \/\/aujourdhui.ma\/wp-content\/uploads\/2021\/09\/13.9.21.COVID-19_Page_1-768x1086.jpg 768w, \/\/aujourdhui.ma\/wp-content\/uploads\/2021\/09\/13.9.21.COVID-19_Page_1-1086x1536.jpg 1086w, \/\/aujourdhui.ma\/wp-content\/uploads\/2021\/09\/13.9.21.COVID-19_Page_1-1448x2048.jpg 1448w, \/\/aujourdhui.ma\/wp-content\/uploads\/2021\/09\/13.9.21.COVID-19_Page_1.jpg 1654w\" sizes=\"auto, (max-width: 724px) 100vw, 724px\"><\/a> <a href=\"https:\/\/aujourdhui.ma\/wp-content\/uploads\/2021\/09\/13.9.21.COVID-19_Page_2.jpg\"><img decoding=\"async\" loading=\"lazy\" class=\"alignnone size-large wp-image-386530\" src=\"https:\/\/linitiative.ca\/International\/wp-content\/uploads\/sites\/23\/2021\/09\/13.9.21.COVID-19_Page_2-724x1024-1.jpg\" alt=\"\" width=\"724\" height=\"1024\" srcset=\"\/\/aujourdhui.ma\/wp-content\/uploads\/2021\/09\/13.9.21.COVID-19_Page_2-724x1024.jpg 724w, \/\/aujourdhui.ma\/wp-content\/uploads\/2021\/09\/13.9.21.COVID-19_Page_2-212x300.jpg 212w, \/\/aujourdhui.ma\/wp-content\/uploads\/2021\/09\/13.9.21.COVID-19_Page_2-768x1086.jpg 768w, \/\/aujourdhui.ma\/wp-content\/uploads\/2021\/09\/13.9.21.COVID-19_Page_2-1086x1536.jpg 1086w, \/\/aujourdhui.ma\/wp-content\/uploads\/2021\/09\/13.9.21.COVID-19_Page_2-1448x2048.jpg 1448w, \/\/aujourdhui.ma\/wp-content\/uploads\/2021\/09\/13.9.21.COVID-19_Page_2.jpg 1654w\" sizes=\"auto, (max-width: 724px) 100vw, 724px\"><\/a> <a href=\"https:\/\/aujourdhui.ma\/wp-content\/uploads\/2021\/09\/13.9.21.COVID-19_Page_3.jpg\"><img decoding=\"async\" loading=\"lazy\" class=\"alignnone size-large wp-image-386531\" src=\"https:\/\/linitiative.ca\/International\/wp-content\/uploads\/sites\/23\/2021\/09\/13.9.21.COVID-19_Page_3-724x1024-1.jpg\" alt=\"\" width=\"724\" height=\"1024\" srcset=\"\/\/aujourdhui.ma\/wp-content\/uploads\/2021\/09\/13.9.21.COVID-19_Page_3-724x1024.jpg 724w, \/\/aujourdhui.ma\/wp-content\/uploads\/2021\/09\/13.9.21.COVID-19_Page_3-212x300.jpg 212w, \/\/aujourdhui.ma\/wp-content\/uploads\/2021\/09\/13.9.21.COVID-19_Page_3-768x1086.jpg 768w, \/\/aujourdhui.ma\/wp-content\/uploads\/2021\/09\/13.9.21.COVID-19_Page_3-1086x1536.jpg 1086w, \/\/aujourdhui.ma\/wp-content\/uploads\/2021\/09\/13.9.21.COVID-19_Page_3-1448x2048.jpg 1448w, \/\/aujourdhui.ma\/wp-content\/uploads\/2021\/09\/13.9.21.COVID-19_Page_3.jpg 1654w\" sizes=\"auto, (max-width: 724px) 100vw, 724px\"><\/a> <a href=\"https:\/\/aujourdhui.ma\/wp-content\/uploads\/2021\/09\/13.9.21.COVID-19_Page_4.jpg\"><img decoding=\"async\" loading=\"lazy\" class=\"alignnone size-large wp-image-386533\" src=\"https:\/\/linitiative.ca\/International\/wp-content\/uploads\/sites\/23\/2021\/09\/13.9.21.COVID-19_Page_4-724x1024-1.jpg\" alt=\"\" width=\"724\" height=\"1024\" srcset=\"\/\/aujourdhui.ma\/wp-content\/uploads\/2021\/09\/13.9.21.COVID-19_Page_4-724x1024.jpg 724w, \/\/aujourdhui.ma\/wp-content\/uploads\/2021\/09\/13.9.21.COVID-19_Page_4-212x300.jpg 212w, \/\/aujourdhui.ma\/wp-content\/uploads\/2021\/09\/13.9.21.COVID-19_Page_4-768x1086.jpg 768w, \/\/aujourdhui.ma\/wp-content\/uploads\/2021\/09\/13.9.21.COVID-19_Page_4-1086x1536.jpg 1086w, \/\/aujourdhui.ma\/wp-content\/uploads\/2021\/09\/13.9.21.COVID-19_Page_4-1448x2048.jpg 1448w, \/\/aujourdhui.ma\/wp-content\/uploads\/2021\/09\/13.9.21.COVID-19_Page_4.jpg 1654w\" sizes=\"auto, (max-width: 724px) 100vw, 724px\"><\/a><\/p>\n<\/div>\n<p>Auteur: ALM<br \/>\n<a href=\"https:\/\/aujourdhui.ma\/societe\/covid-19-maroc-la-situation-epidemiologique-au-13-septembre-2021-a-16h00\">Cliquez ici pour lire l&rsquo;article depuis sa source.<\/a><\/p>\n","protected":false},"excerpt":{"rendered":"<p>Entre hier \u00e0 16H00 et aujourd\u2019hui \u00e0 16H00 917\u00a0 nouveaux cas soit un cumul de 905.564 cas \u00e0 ce jour. 4 451\u00a0 gu\u00e9risons soit un cumul de 862.106 \u00e0 ce jour. 72 nouveaux d\u00e9c\u00e8s donc un cumul de 13.618 \u00e0 ce jour. Nombre de personnes vaccin\u00e9es au 13 septembre 16H00 1\u00e8re dose : 20 154 [&hellip;]<\/p>\n","protected":false},"author":1759,"featured_media":0,"comment_status":"closed","ping_status":"closed","sticky":false,"template":"","format":"standard","meta":{"fifu_image_url":"https:\/\/aujourdhui.ma\/wp-content\/uploads\/2021\/09\/13.9.21.COVID-19_Page_1-724x1024.jpg","fifu_image_alt":"Covid-19 \/ Maroc : La situation \u00e9pid\u00e9miologique au 13 septembre 2021 \u00e0 16H00","footnotes":""},"categories":[73,54],"tags":[],"class_list":["post-126881","post","type-post","status-publish","format-standard","hentry","category-actualite","category-maroc"],"_links":{"self":[{"href":"https:\/\/linitiative.ca\/International\/wp-json\/wp\/v2\/posts\/126881","targetHints":{"allow":["GET"]}}],"collection":[{"href":"https:\/\/linitiative.ca\/International\/wp-json\/wp\/v2\/posts"}],"about":[{"href":"https:\/\/linitiative.ca\/International\/wp-json\/wp\/v2\/types\/post"}],"author":[{"embeddable":true,"href":"https:\/\/linitiative.ca\/International\/wp-json\/wp\/v2\/users\/1759"}],"replies":[{"embeddable":true,"href":"https:\/\/linitiative.ca\/International\/wp-json\/wp\/v2\/comments?post=126881"}],"version-history":[{"count":0,"href":"https:\/\/linitiative.ca\/International\/wp-json\/wp\/v2\/posts\/126881\/revisions"}],"wp:attachment":[{"href":"https:\/\/linitiative.ca\/International\/wp-json\/wp\/v2\/media?parent=126881"}],"wp:term":[{"taxonomy":"category","embeddable":true,"href":"https:\/\/linitiative.ca\/International\/wp-json\/wp\/v2\/categories?post=126881"},{"taxonomy":"post_tag","embeddable":true,"href":"https:\/\/linitiative.ca\/International\/wp-json\/wp\/v2\/tags?post=126881"}],"curies":[{"name":"wp","href":"https:\/\/api.w.org\/{rel}","templated":true}]}}