{"id":126886,"date":"2021-09-13T08:30:00","date_gmt":"2021-09-13T12:30:00","guid":{"rendered":"https:\/\/linitiative.ca\/International\/33-morts-et-242-blesses-durant-les-dernieres-24h\/"},"modified":"2021-09-13T08:30:00","modified_gmt":"2021-09-13T12:30:00","slug":"33-morts-et-242-blesses-durant-les-dernieres-24h","status":"publish","type":"post","link":"https:\/\/linitiative.ca\/International\/33-morts-et-242-blesses-durant-les-dernieres-24h\/","title":{"rendered":"33 morts et 242 bless\u00e9s durant les derni\u00e8res 24h"},"content":{"rendered":"<div>La direction de la protection civile a enregistr\u00e9 un total de 33 morts et 242 bless\u00e9s durant les derni\u00e8res 24 heures, a-t-elle publi\u00e9 dans un communiqu\u00e9 parvenu \u00e0 Libert\u00e9.<\/div>\n<p>Auteur:<br \/>\n<a href=\"https:\/\/www.liberte-algerie.com\/actualite\/33-morts-et-242-blesses-durant-les-dernieres-24h-364899\">Cliquez ici pour lire l&rsquo;article depuis sa source.<\/a><\/p>\n","protected":false},"excerpt":{"rendered":"<p>La direction de la protection civile a enregistr\u00e9 un total de 33 morts et 242 bless\u00e9s durant les derni\u00e8res 24 heures, a-t-elle publi\u00e9 dans un communiqu\u00e9 parvenu \u00e0 Libert\u00e9. Auteur: Cliquez ici pour lire l&rsquo;article depuis sa source.<\/p>\n","protected":false},"author":1742,"featured_media":0,"comment_status":"closed","ping_status":"closed","sticky":false,"template":"","format":"standard","meta":{"fifu_image_url":"","fifu_image_alt":"","footnotes":""},"categories":[73,53],"tags":[],"class_list":["post-126886","post","type-post","status-publish","format-standard","hentry","category-actualite","category-algerie"],"_links":{"self":[{"href":"https:\/\/linitiative.ca\/International\/wp-json\/wp\/v2\/posts\/126886","targetHints":{"allow":["GET"]}}],"collection":[{"href":"https:\/\/linitiative.ca\/International\/wp-json\/wp\/v2\/posts"}],"about":[{"href":"https:\/\/linitiative.ca\/International\/wp-json\/wp\/v2\/types\/post"}],"author":[{"embeddable":true,"href":"https:\/\/linitiative.ca\/International\/wp-json\/wp\/v2\/users\/1742"}],"replies":[{"embeddable":true,"href":"https:\/\/linitiative.ca\/International\/wp-json\/wp\/v2\/comments?post=126886"}],"version-history":[{"count":0,"href":"https:\/\/linitiative.ca\/International\/wp-json\/wp\/v2\/posts\/126886\/revisions"}],"wp:attachment":[{"href":"https:\/\/linitiative.ca\/International\/wp-json\/wp\/v2\/media?parent=126886"}],"wp:term":[{"taxonomy":"category","embeddable":true,"href":"https:\/\/linitiative.ca\/International\/wp-json\/wp\/v2\/categories?post=126886"},{"taxonomy":"post_tag","embeddable":true,"href":"https:\/\/linitiative.ca\/International\/wp-json\/wp\/v2\/tags?post=126886"}],"curies":[{"name":"wp","href":"https:\/\/api.w.org\/{rel}","templated":true}]}}