{"id":126887,"date":"2021-09-13T09:30:00","date_gmt":"2021-09-13T13:30:00","guid":{"rendered":"https:\/\/linitiative.ca\/International\/la-mesure-de-confinement-partiel-reconduite-pour-15-jours-dans-31-wilayas\/"},"modified":"2021-09-13T09:30:00","modified_gmt":"2021-09-13T13:30:00","slug":"la-mesure-de-confinement-partiel-reconduite-pour-15-jours-dans-31-wilayas","status":"publish","type":"post","link":"https:\/\/linitiative.ca\/International\/la-mesure-de-confinement-partiel-reconduite-pour-15-jours-dans-31-wilayas\/","title":{"rendered":"La mesure de confinement partiel reconduite pour 15 jours dans 31 wilayas"},"content":{"rendered":"<div>La mesure de confinement partiel \u00e0 domicile dans le cadre de la lutte contre le Coronavirus est reconduite de 22h00 au lendemain \u00e0 5h00, dans 31 wilayas du pays, pendant une p\u00e9riode de 15 jours, \u00e0 partir de mardi<\/div>\n<p>Auteur:<br \/>\n<a href=\"https:\/\/www.liberte-algerie.com\/actualite\/la-mesure-de-confinement-partiel-reconduite-pour-15-jours-dans-31-wilayas-364901\">Cliquez ici pour lire l&rsquo;article depuis sa source.<\/a><\/p>\n","protected":false},"excerpt":{"rendered":"<p>La mesure de confinement partiel \u00e0 domicile dans le cadre de la lutte contre le Coronavirus est reconduite de 22h00 au lendemain \u00e0 5h00, dans 31 wilayas du pays, pendant une p\u00e9riode de 15 jours, \u00e0 partir de mardi Auteur: Cliquez ici pour lire l&rsquo;article depuis sa source.<\/p>\n","protected":false},"author":1742,"featured_media":0,"comment_status":"closed","ping_status":"closed","sticky":false,"template":"","format":"standard","meta":{"fifu_image_url":"","fifu_image_alt":"","footnotes":""},"categories":[73,53],"tags":[],"class_list":["post-126887","post","type-post","status-publish","format-standard","hentry","category-actualite","category-algerie"],"_links":{"self":[{"href":"https:\/\/linitiative.ca\/International\/wp-json\/wp\/v2\/posts\/126887","targetHints":{"allow":["GET"]}}],"collection":[{"href":"https:\/\/linitiative.ca\/International\/wp-json\/wp\/v2\/posts"}],"about":[{"href":"https:\/\/linitiative.ca\/International\/wp-json\/wp\/v2\/types\/post"}],"author":[{"embeddable":true,"href":"https:\/\/linitiative.ca\/International\/wp-json\/wp\/v2\/users\/1742"}],"replies":[{"embeddable":true,"href":"https:\/\/linitiative.ca\/International\/wp-json\/wp\/v2\/comments?post=126887"}],"version-history":[{"count":0,"href":"https:\/\/linitiative.ca\/International\/wp-json\/wp\/v2\/posts\/126887\/revisions"}],"wp:attachment":[{"href":"https:\/\/linitiative.ca\/International\/wp-json\/wp\/v2\/media?parent=126887"}],"wp:term":[{"taxonomy":"category","embeddable":true,"href":"https:\/\/linitiative.ca\/International\/wp-json\/wp\/v2\/categories?post=126887"},{"taxonomy":"post_tag","embeddable":true,"href":"https:\/\/linitiative.ca\/International\/wp-json\/wp\/v2\/tags?post=126887"}],"curies":[{"name":"wp","href":"https:\/\/api.w.org\/{rel}","templated":true}]}}