{"id":126889,"date":"2021-09-13T10:40:00","date_gmt":"2021-09-13T14:40:00","guid":{"rendered":"https:\/\/linitiative.ca\/International\/reprise-des-ateliers-de-formation-et-de-perfectionnement\/"},"modified":"2021-09-13T10:40:00","modified_gmt":"2021-09-13T14:40:00","slug":"reprise-des-ateliers-de-formation-et-de-perfectionnement","status":"publish","type":"post","link":"https:\/\/linitiative.ca\/International\/reprise-des-ateliers-de-formation-et-de-perfectionnement\/","title":{"rendered":"Reprise des ateliers de formation et de perfectionnement"},"content":{"rendered":"<div>L\u2019Op\u00e9ra d\u2019Alger \u00ab Boualem-Bessaih \u00bb annonce dans un communiqu\u00e9 parvenu \u00e0 Libert\u00e9 la reprise des ateliers de formation et de perfectionnement dans 11 disciplines artistiques, assur\u00e9s par des professeurs qualifi\u00e9s et exp\u00e9riment\u00e9s ayant une formation&#8230;<\/div>\n<p>Auteur:<br \/>\n<a href=\"https:\/\/www.liberte-algerie.com\/actualite\/reprise-des-ateliers-de-formation-et-de-perfectionnement-364902\">Cliquez ici pour lire l&rsquo;article depuis sa source.<\/a><\/p>\n","protected":false},"excerpt":{"rendered":"<p>L\u2019Op\u00e9ra d\u2019Alger \u00ab Boualem-Bessaih \u00bb annonce dans un communiqu\u00e9 parvenu \u00e0 Libert\u00e9 la reprise des ateliers de formation et de perfectionnement dans 11 disciplines artistiques, assur\u00e9s par des professeurs qualifi\u00e9s et exp\u00e9riment\u00e9s ayant une formation&#8230; Auteur: Cliquez ici pour lire l&rsquo;article depuis sa source.<\/p>\n","protected":false},"author":1742,"featured_media":0,"comment_status":"closed","ping_status":"closed","sticky":false,"template":"","format":"standard","meta":{"fifu_image_url":"","fifu_image_alt":"","footnotes":""},"categories":[73,53],"tags":[],"class_list":["post-126889","post","type-post","status-publish","format-standard","hentry","category-actualite","category-algerie"],"_links":{"self":[{"href":"https:\/\/linitiative.ca\/International\/wp-json\/wp\/v2\/posts\/126889","targetHints":{"allow":["GET"]}}],"collection":[{"href":"https:\/\/linitiative.ca\/International\/wp-json\/wp\/v2\/posts"}],"about":[{"href":"https:\/\/linitiative.ca\/International\/wp-json\/wp\/v2\/types\/post"}],"author":[{"embeddable":true,"href":"https:\/\/linitiative.ca\/International\/wp-json\/wp\/v2\/users\/1742"}],"replies":[{"embeddable":true,"href":"https:\/\/linitiative.ca\/International\/wp-json\/wp\/v2\/comments?post=126889"}],"version-history":[{"count":0,"href":"https:\/\/linitiative.ca\/International\/wp-json\/wp\/v2\/posts\/126889\/revisions"}],"wp:attachment":[{"href":"https:\/\/linitiative.ca\/International\/wp-json\/wp\/v2\/media?parent=126889"}],"wp:term":[{"taxonomy":"category","embeddable":true,"href":"https:\/\/linitiative.ca\/International\/wp-json\/wp\/v2\/categories?post=126889"},{"taxonomy":"post_tag","embeddable":true,"href":"https:\/\/linitiative.ca\/International\/wp-json\/wp\/v2\/tags?post=126889"}],"curies":[{"name":"wp","href":"https:\/\/api.w.org\/{rel}","templated":true}]}}