{"id":126890,"date":"2021-09-13T11:20:00","date_gmt":"2021-09-13T15:20:00","guid":{"rendered":"https:\/\/linitiative.ca\/International\/24-feux-de-forets-en-48-heures-a-bejaia\/"},"modified":"2021-09-13T11:20:00","modified_gmt":"2021-09-13T15:20:00","slug":"24-feux-de-forets-en-48-heures-a-bejaia","status":"publish","type":"post","link":"https:\/\/linitiative.ca\/International\/24-feux-de-forets-en-48-heures-a-bejaia\/","title":{"rendered":"24 feux de for\u00eats en 48 heures \u00e0 Bejaia"},"content":{"rendered":"<div>Quelque 24 feux de for\u00eats ont \u00e9t\u00e9 d\u00e9plor\u00e9s les derni\u00e8res 48 heures \u00e0 Bejaia, br\u00fblant diverses essences v\u00e9g\u00e9tales, dont des vergers d&rsquo;oliviers, sans faire de victimes, a annonc\u00e9 lundi, la direction de wilaya de la protection civile.<\/div>\n<p>Auteur:<br \/>\n<a href=\"https:\/\/www.liberte-algerie.com\/actualite\/24-feux-de-forets-en-48-heures-a-bejaia-364903\">Cliquez ici pour lire l&rsquo;article depuis sa source.<\/a><\/p>\n","protected":false},"excerpt":{"rendered":"<p>Quelque 24 feux de for\u00eats ont \u00e9t\u00e9 d\u00e9plor\u00e9s les derni\u00e8res 48 heures \u00e0 Bejaia, br\u00fblant diverses essences v\u00e9g\u00e9tales, dont des vergers d&rsquo;oliviers, sans faire de victimes, a annonc\u00e9 lundi, la direction de wilaya de la protection civile. Auteur: Cliquez ici pour lire l&rsquo;article depuis sa source.<\/p>\n","protected":false},"author":1742,"featured_media":0,"comment_status":"closed","ping_status":"closed","sticky":false,"template":"","format":"standard","meta":{"fifu_image_url":"","fifu_image_alt":"","footnotes":""},"categories":[73,53],"tags":[],"class_list":["post-126890","post","type-post","status-publish","format-standard","hentry","category-actualite","category-algerie"],"_links":{"self":[{"href":"https:\/\/linitiative.ca\/International\/wp-json\/wp\/v2\/posts\/126890","targetHints":{"allow":["GET"]}}],"collection":[{"href":"https:\/\/linitiative.ca\/International\/wp-json\/wp\/v2\/posts"}],"about":[{"href":"https:\/\/linitiative.ca\/International\/wp-json\/wp\/v2\/types\/post"}],"author":[{"embeddable":true,"href":"https:\/\/linitiative.ca\/International\/wp-json\/wp\/v2\/users\/1742"}],"replies":[{"embeddable":true,"href":"https:\/\/linitiative.ca\/International\/wp-json\/wp\/v2\/comments?post=126890"}],"version-history":[{"count":0,"href":"https:\/\/linitiative.ca\/International\/wp-json\/wp\/v2\/posts\/126890\/revisions"}],"wp:attachment":[{"href":"https:\/\/linitiative.ca\/International\/wp-json\/wp\/v2\/media?parent=126890"}],"wp:term":[{"taxonomy":"category","embeddable":true,"href":"https:\/\/linitiative.ca\/International\/wp-json\/wp\/v2\/categories?post=126890"},{"taxonomy":"post_tag","embeddable":true,"href":"https:\/\/linitiative.ca\/International\/wp-json\/wp\/v2\/tags?post=126890"}],"curies":[{"name":"wp","href":"https:\/\/api.w.org\/{rel}","templated":true}]}}