{"id":126891,"date":"2021-09-12T19:29:55","date_gmt":"2021-09-12T23:29:55","guid":{"rendered":"https:\/\/linitiative.ca\/International\/les-cours-de-revision-et-de-consolidation-sur-les-chaines-nationales\/"},"modified":"2021-09-12T19:29:55","modified_gmt":"2021-09-12T23:29:55","slug":"les-cours-de-revision-et-de-consolidation-sur-les-chaines-nationales","status":"publish","type":"post","link":"https:\/\/linitiative.ca\/International\/les-cours-de-revision-et-de-consolidation-sur-les-chaines-nationales\/","title":{"rendered":"Les cours de r\u00e9vision et de consolidation sur les cha\u00eenes nationales"},"content":{"rendered":"<div>\n<div style=\"margin-bottom:20px;\"><img loading=\"lazy\" decoding=\"async\" width=\"750\" height=\"430\" src=\"https:\/\/linitiative.ca\/International\/wp-content\/uploads\/sites\/23\/2021\/09\/enseignement.jpg\" class=\"attachment-post-thumbnail size-post-thumbnail wp-post-image\" alt=\"\" srcset=\"https:\/\/linitiative.ca\/International\/wp-content\/uploads\/sites\/23\/2021\/09\/enseignement.jpg 750w, http:\/\/www.mapmarrakech.ma\/map\/uploads\/2021\/09\/enseignement-300x172.jpg 300w\" sizes=\"auto, (max-width: 750px) 100vw, 750px\"><\/div>\n<p>La cha\u00eene Laayoune TV assurera la diffusion des cours adress\u00e9s aux \u00e9l\u00e8ves du primaire de 08h00 \u00e0 18h00, tandis que la cha\u00eene Al Amazighia diffusera les cours qui concernent le niveau secondaire coll\u00e9gial de 08h00 \u00e0 12h00, pr\u00e9cise le minist\u00e8re dans un communiqu\u00e9, ajoutant que la cha\u00eene Athaqafiya assurera la diffusion des cours du secondaire qualifiant de 08h00 \u00e0 18h00.<\/p>\n<p>La m\u00eame source a ajout\u00e9 que le minist\u00e8re annoncera quotidiennement la grille d\u00e9taill\u00e9e des programmes de chaque cha\u00eene, via le site men.gov.ma et sur les pages officielles du minist\u00e8re sur les r\u00e9seaux sociaux.<\/p>\n<p>Le minist\u00e8re a, par ailleurs, expliqu\u00e9 que cette d\u00e9cision fait suite au communiqu\u00e9 qu\u2019il a publi\u00e9 vendredi au sujet des mesures pour assurer le d\u00e9marrage effectif au 1er octobre, appelant tous les parents d\u2019\u00e9l\u00e8ves \u00e0 accompagner leurs enfants pour un meilleur suivi des cours qui seront diffus\u00e9s.<\/p>\n<p>La m\u00eame source a assur\u00e9 que le minist\u00e8re veillera \u00e0 communiquer toutes les nouveaut\u00e9s relatives \u00e0 cette op\u00e9ration, faisant savoir que les cours t\u00e9l\u00e9vis\u00e9s seront accessibles via le site telmidTICE.men.gov.ma et sur l\u2019application mobile TelmidTice.<\/p>\n<p>The post <a rel=\"nofollow\" href=\"http:\/\/www.mapmarrakech.ma\/fr\/les-cours-de-revision-et-de-consolidation-sur-les-chaines-nationales\/\">Les cours de r\u00e9vision et de consolidation sur les cha\u00eenes nationales<\/a> appeared first on <a rel=\"nofollow\" href=\"http:\/\/www.mapmarrakech.ma\/fr\">MapMarrakech<\/a>.<\/p>\n<\/div>\n<p>Auteur: Meriem IGASS<br \/>\n<a href=\"http:\/\/www.mapmarrakech.ma\/fr\/les-cours-de-revision-et-de-consolidation-sur-les-chaines-nationales\/\">Cliquez ici pour lire l&rsquo;article depuis sa source.<\/a><\/p>\n","protected":false},"excerpt":{"rendered":"<p>La cha\u00eene Laayoune TV assurera la diffusion des cours adress\u00e9s aux \u00e9l\u00e8ves du primaire de 08h00 \u00e0 18h00, tandis que la cha\u00eene Al Amazighia diffusera les cours qui concernent le niveau secondaire coll\u00e9gial de 08h00 \u00e0 12h00, pr\u00e9cise le minist\u00e8re dans un communiqu\u00e9, ajoutant que la cha\u00eene Athaqafiya assurera la diffusion des cours du secondaire [&hellip;]<\/p>\n","protected":false},"author":1788,"featured_media":0,"comment_status":"closed","ping_status":"closed","sticky":false,"template":"","format":"standard","meta":{"fifu_image_url":"http:\/\/www.mapmarrakech.ma\/map\/uploads\/2021\/09\/enseignement.jpg","fifu_image_alt":"Les cours de r\u00e9vision et de consolidation sur les cha\u00eenes nationales","footnotes":""},"categories":[54,76],"tags":[],"class_list":["post-126891","post","type-post","status-publish","format-standard","hentry","category-maroc","category-regions"],"_links":{"self":[{"href":"https:\/\/linitiative.ca\/International\/wp-json\/wp\/v2\/posts\/126891","targetHints":{"allow":["GET"]}}],"collection":[{"href":"https:\/\/linitiative.ca\/International\/wp-json\/wp\/v2\/posts"}],"about":[{"href":"https:\/\/linitiative.ca\/International\/wp-json\/wp\/v2\/types\/post"}],"author":[{"embeddable":true,"href":"https:\/\/linitiative.ca\/International\/wp-json\/wp\/v2\/users\/1788"}],"replies":[{"embeddable":true,"href":"https:\/\/linitiative.ca\/International\/wp-json\/wp\/v2\/comments?post=126891"}],"version-history":[{"count":0,"href":"https:\/\/linitiative.ca\/International\/wp-json\/wp\/v2\/posts\/126891\/revisions"}],"wp:attachment":[{"href":"https:\/\/linitiative.ca\/International\/wp-json\/wp\/v2\/media?parent=126891"}],"wp:term":[{"taxonomy":"category","embeddable":true,"href":"https:\/\/linitiative.ca\/International\/wp-json\/wp\/v2\/categories?post=126891"},{"taxonomy":"post_tag","embeddable":true,"href":"https:\/\/linitiative.ca\/International\/wp-json\/wp\/v2\/tags?post=126891"}],"curies":[{"name":"wp","href":"https:\/\/api.w.org\/{rel}","templated":true}]}}