{"id":126901,"date":"2021-09-12T16:49:15","date_gmt":"2021-09-12T20:49:15","guid":{"rendered":"https:\/\/linitiative.ca\/International\/les-cours-de-revision-sur-les-chaines-nationales-a-partir-du-13-septembre\/"},"modified":"2021-09-12T16:49:15","modified_gmt":"2021-09-12T20:49:15","slug":"les-cours-de-revision-sur-les-chaines-nationales-a-partir-du-13-septembre","status":"publish","type":"post","link":"https:\/\/linitiative.ca\/International\/les-cours-de-revision-sur-les-chaines-nationales-a-partir-du-13-septembre\/","title":{"rendered":"Les cours de r\u00e9vision sur les cha\u00eenes nationales \u00e0 partir du 13 septembre"},"content":{"rendered":"<div>\n<div style=\"margin-bottom:20px;\"><img loading=\"lazy\" decoding=\"async\" width=\"750\" height=\"430\" src=\"https:\/\/linitiative.ca\/International\/wp-content\/uploads\/sites\/23\/2021\/09\/des-cours-C3A0-distance-M750C397430-MAP.jpg\" class=\"attachment-post-thumbnail size-post-thumbnail wp-post-image\" alt=\"\" srcset=\"https:\/\/linitiative.ca\/International\/wp-content\/uploads\/sites\/23\/2021\/09\/des-cours-C3A0-distance-M750C397430-MAP.jpg 750w, http:\/\/www.mapoujda.ma\/map\/uploads\/2020\/04\/des-cours-\u00e0-distance-M750\u00d7430-MAP-300x172.jpg 300w\" sizes=\"auto, (max-width: 750px) 100vw, 750px\"><\/div>\n<div>\n<p style=\"text-align: justify;\">Les cours de r\u00e9vision et de consolidation destin\u00e9s aux trois cycles de l\u2019enseignement seront diffus\u00e9s sur les cha\u00eenes nationales \u00e0 partir de lundi, a annonc\u00e9 le minist\u00e8re de l\u2019\u00c9ducation nationale, de la formation professionnelle, de l\u2019enseignement sup\u00e9rieur et de la recherche scientifique.<\/p>\n<p style=\"text-align: justify;\">La cha\u00eene Laayoune TV assurera la diffusion des cours adress\u00e9s aux \u00e9l\u00e8ves du primaire de 08h00 \u00e0 18h00, tandis que la cha\u00eene Al Amazighia diffusera les cours qui concernent le niveau secondaire coll\u00e9gial de 08h00 \u00e0 12h00, pr\u00e9cise le minist\u00e8re dans un communiqu\u00e9, ajoutant que la cha\u00eene Athaqafiya assurera la diffusion des cours du secondaire qualifiant de 08h00 \u00e0 18h00.<\/p>\n<p style=\"text-align: justify;\">La m\u00eame source a ajout\u00e9 que le minist\u00e8re annoncera quotidiennement la grille d\u00e9taill\u00e9e des programmes de chaque cha\u00eene, via le site men.gov.ma et sur les pages officielles du minist\u00e8re sur les r\u00e9seaux sociaux.<\/p>\n<p style=\"text-align: justify;\">Le minist\u00e8re a, par ailleurs, expliqu\u00e9 que cette d\u00e9cision fait suite au communiqu\u00e9 qu\u2019il a publi\u00e9 vendredi au sujet des mesures pour assurer le d\u00e9marrage effectif au 1er octobre, appelant tous les parents d\u2019\u00e9l\u00e8ves \u00e0 accompagner leurs enfants pour un meilleur suivi des cours qui seront diffus\u00e9s.<\/p>\n<p style=\"text-align: justify;\">La m\u00eame source a assur\u00e9 que le minist\u00e8re veillera \u00e0 communiquer toutes les nouveaut\u00e9s relatives \u00e0 cette op\u00e9ration, faisant savoir que les cours t\u00e9l\u00e9vis\u00e9s seront accessibles via le site telmidTICE.men.gov.ma et sur l\u2019application mobile TelmidTice.<\/p>\n<\/div>\n<p>L\u2019article <a rel=\"nofollow\" href=\"http:\/\/www.mapoujda.ma\/fr\/les-cours-de-revision-sur-les-chaines-nationales-a-partir-du-13-septembre\/\">Les cours de r\u00e9vision sur les cha\u00eenes nationales \u00e0 partir du 13 septembre<\/a> est apparu en premier sur <a rel=\"nofollow\" href=\"http:\/\/www.mapoujda.ma\/fr\">MapOujda<\/a>.<\/p>\n<\/div>\n<p>Auteur: Soufiane ELAHMAR<br \/>\n<a href=\"http:\/\/www.mapoujda.ma\/fr\/les-cours-de-revision-sur-les-chaines-nationales-a-partir-du-13-septembre\/\">Cliquez ici pour lire l&rsquo;article depuis sa source.<\/a><\/p>\n","protected":false},"excerpt":{"rendered":"<p>Les cours de r\u00e9vision et de consolidation destin\u00e9s aux trois cycles de l\u2019enseignement seront diffus\u00e9s sur les cha\u00eenes nationales \u00e0 partir de lundi, a annonc\u00e9 le minist\u00e8re de l\u2019\u00c9ducation nationale, de la formation professionnelle, de l\u2019enseignement sup\u00e9rieur et de la recherche scientifique. La cha\u00eene Laayoune TV assurera la diffusion des cours adress\u00e9s aux \u00e9l\u00e8ves du [&hellip;]<\/p>\n","protected":false},"author":1788,"featured_media":0,"comment_status":"closed","ping_status":"closed","sticky":false,"template":"","format":"standard","meta":{"fifu_image_url":"http:\/\/www.mapoujda.ma\/map\/uploads\/2020\/04\/des-cours-\u00e0-distance-M750\u00d7430-MAP.jpg","fifu_image_alt":"Les cours de r\u00e9vision sur les cha\u00eenes nationales \u00e0 partir du 13 septembre","footnotes":""},"categories":[54,76],"tags":[],"class_list":["post-126901","post","type-post","status-publish","format-standard","hentry","category-maroc","category-regions"],"_links":{"self":[{"href":"https:\/\/linitiative.ca\/International\/wp-json\/wp\/v2\/posts\/126901","targetHints":{"allow":["GET"]}}],"collection":[{"href":"https:\/\/linitiative.ca\/International\/wp-json\/wp\/v2\/posts"}],"about":[{"href":"https:\/\/linitiative.ca\/International\/wp-json\/wp\/v2\/types\/post"}],"author":[{"embeddable":true,"href":"https:\/\/linitiative.ca\/International\/wp-json\/wp\/v2\/users\/1788"}],"replies":[{"embeddable":true,"href":"https:\/\/linitiative.ca\/International\/wp-json\/wp\/v2\/comments?post=126901"}],"version-history":[{"count":0,"href":"https:\/\/linitiative.ca\/International\/wp-json\/wp\/v2\/posts\/126901\/revisions"}],"wp:attachment":[{"href":"https:\/\/linitiative.ca\/International\/wp-json\/wp\/v2\/media?parent=126901"}],"wp:term":[{"taxonomy":"category","embeddable":true,"href":"https:\/\/linitiative.ca\/International\/wp-json\/wp\/v2\/categories?post=126901"},{"taxonomy":"post_tag","embeddable":true,"href":"https:\/\/linitiative.ca\/International\/wp-json\/wp\/v2\/tags?post=126901"}],"curies":[{"name":"wp","href":"https:\/\/api.w.org\/{rel}","templated":true}]}}