{"id":126903,"date":"2021-09-12T19:48:34","date_gmt":"2021-09-12T23:48:34","guid":{"rendered":"https:\/\/linitiative.ca\/International\/botola-pro-d1-inwi-le-mas-et-la-rsb-font-match-nul-0-0\/"},"modified":"2021-09-12T19:48:34","modified_gmt":"2021-09-12T23:48:34","slug":"botola-pro-d1-inwi-le-mas-et-la-rsb-font-match-nul-0-0","status":"publish","type":"post","link":"https:\/\/linitiative.ca\/International\/botola-pro-d1-inwi-le-mas-et-la-rsb-font-match-nul-0-0\/","title":{"rendered":"Botola Pro D1 \u00ab\u00a0Inwi\u00a0\u00bb : Le MAS et la RSB font match nul (0-0)"},"content":{"rendered":"<div>\n<div style=\"margin-bottom:20px;\"><img loading=\"lazy\" decoding=\"async\" width=\"750\" height=\"430\" src=\"https:\/\/linitiative.ca\/International\/wp-content\/uploads\/sites\/23\/2021\/09\/La-RSB-face-au-MAS-750C397430-MAP.jpg\" class=\"attachment-post-thumbnail size-post-thumbnail wp-post-image\" alt=\"\" srcset=\"https:\/\/linitiative.ca\/International\/wp-content\/uploads\/sites\/23\/2021\/09\/La-RSB-face-au-MAS-750C397430-MAP.jpg 750w, http:\/\/www.mapoujda.ma\/map\/uploads\/2021\/09\/La-RSB-face-au-MAS-750\u00d7430-MAP-300x172.jpg 300w\" sizes=\"auto, (max-width: 750px) 100vw, 750px\"><\/div>\n<p style=\"text-align: justify;\">Le Maghreb de F\u00e8s (MAS) et la Renaissance de Berkane (RSB) ont fait match nul (0-0), dimanche au complexe sportif de F\u00e8s, pour le compte de la 1\u00e8re journ\u00e9e de la Botola Pro D1 \u00ab\u00a0Inwi\u00a0\u00bb.<\/p>\n<p style=\"text-align: justify;\">Suite \u00e0 ce r\u00e9sultat, le MAS et la RSB rejoignent \u00e0 la 6\u00e8 place (1 pts) le Mouloudia d\u2019Oujda et l\u2019Olympic Khouribga, qui se sont neutralis\u00e9s samedi (0-0).<\/p>\n<p style=\"text-align: justify;\">Pr\u00e9c\u00e9demment, le Wydad de Casablanca, champion du Maroc en titre, a battu l\u2019Ittihad de Tanger par 2 buts \u00e0 0, au complexe sportif Mohammed V de Casablanca.<\/p>\n<p style=\"text-align: justify;\">Le match de cl\u00f4ture de la 1\u00e8re journ\u00e9e opposera mercredi l\u2019AS FAR, vainqueur dimanche des B\u00e9ninois de Buffles FC (3-1) au tour pr\u00e9liminaire de la Coupe de la CAF, au nouveau promu, la Jeunesse sportive Salmi.<\/p>\n<p>L\u2019article <a rel=\"nofollow\" href=\"http:\/\/www.mapoujda.ma\/fr\/botola-pro-d1-inwi-le-mas-et-la-rsb-font-match-nul-0-0\/\">Botola Pro D1 \u00ab\u00a0Inwi\u00a0\u00bb : Le MAS et la RSB font match nul (0-0)<\/a> est apparu en premier sur <a rel=\"nofollow\" href=\"http:\/\/www.mapoujda.ma\/fr\">MapOujda<\/a>.<\/p>\n<\/div>\n<p>Auteur: Soufiane ELAHMAR<br \/>\n<a href=\"http:\/\/www.mapoujda.ma\/fr\/botola-pro-d1-inwi-le-mas-et-la-rsb-font-match-nul-0-0\/\">Cliquez ici pour lire l&rsquo;article depuis sa source.<\/a><\/p>\n","protected":false},"excerpt":{"rendered":"<p>Le Maghreb de F\u00e8s (MAS) et la Renaissance de Berkane (RSB) ont fait match nul (0-0), dimanche au complexe sportif de F\u00e8s, pour le compte de la 1\u00e8re journ\u00e9e de la Botola Pro D1 \u00ab\u00a0Inwi\u00a0\u00bb. Suite \u00e0 ce r\u00e9sultat, le MAS et la RSB rejoignent \u00e0 la 6\u00e8 place (1 pts) le Mouloudia d\u2019Oujda et [&hellip;]<\/p>\n","protected":false},"author":1788,"featured_media":0,"comment_status":"closed","ping_status":"closed","sticky":false,"template":"","format":"standard","meta":{"fifu_image_url":"http:\/\/www.mapoujda.ma\/map\/uploads\/2021\/09\/La-RSB-face-au-MAS-750\u00d7430-MAP.jpg","fifu_image_alt":"Botola Pro D1 \u00ab\u00a0Inwi\u00a0\u00bb : Le MAS et la RSB font match nul (0-0)","footnotes":""},"categories":[54,76],"tags":[],"class_list":["post-126903","post","type-post","status-publish","format-standard","hentry","category-maroc","category-regions"],"_links":{"self":[{"href":"https:\/\/linitiative.ca\/International\/wp-json\/wp\/v2\/posts\/126903","targetHints":{"allow":["GET"]}}],"collection":[{"href":"https:\/\/linitiative.ca\/International\/wp-json\/wp\/v2\/posts"}],"about":[{"href":"https:\/\/linitiative.ca\/International\/wp-json\/wp\/v2\/types\/post"}],"author":[{"embeddable":true,"href":"https:\/\/linitiative.ca\/International\/wp-json\/wp\/v2\/users\/1788"}],"replies":[{"embeddable":true,"href":"https:\/\/linitiative.ca\/International\/wp-json\/wp\/v2\/comments?post=126903"}],"version-history":[{"count":0,"href":"https:\/\/linitiative.ca\/International\/wp-json\/wp\/v2\/posts\/126903\/revisions"}],"wp:attachment":[{"href":"https:\/\/linitiative.ca\/International\/wp-json\/wp\/v2\/media?parent=126903"}],"wp:term":[{"taxonomy":"category","embeddable":true,"href":"https:\/\/linitiative.ca\/International\/wp-json\/wp\/v2\/categories?post=126903"},{"taxonomy":"post_tag","embeddable":true,"href":"https:\/\/linitiative.ca\/International\/wp-json\/wp\/v2\/tags?post=126903"}],"curies":[{"name":"wp","href":"https:\/\/api.w.org\/{rel}","templated":true}]}}