{"id":126905,"date":"2021-09-13T11:38:28","date_gmt":"2021-09-13T15:38:28","guid":{"rendered":"https:\/\/linitiative.ca\/International\/nouveau-gouvernement-m-akhannouch-entame-ses-consultations-par-une-rencontre-avec-le-sg-du-pam\/"},"modified":"2021-09-13T11:38:28","modified_gmt":"2021-09-13T15:38:28","slug":"nouveau-gouvernement-m-akhannouch-entame-ses-consultations-par-une-rencontre-avec-le-sg-du-pam","status":"publish","type":"post","link":"https:\/\/linitiative.ca\/International\/nouveau-gouvernement-m-akhannouch-entame-ses-consultations-par-une-rencontre-avec-le-sg-du-pam\/","title":{"rendered":"Nouveau gouvernement: M. Akhannouch entame ses consultations par une rencontre avec le SG du PAM"},"content":{"rendered":"<div>\n<div style=\"margin-bottom:20px;\"><img loading=\"lazy\" decoding=\"async\" width=\"750\" height=\"430\" src=\"https:\/\/linitiative.ca\/International\/wp-content\/uploads\/sites\/23\/2021\/09\/Aziz-Akhannouch-rencontre-le-secrC3A9taire-gC3A9nC3A9ral-du-PAM-Abdellatif-Ouahbi-750C397430-MAP.jpg\" class=\"attachment-post-thumbnail size-post-thumbnail wp-post-image\" alt=\"\" srcset=\"https:\/\/linitiative.ca\/International\/wp-content\/uploads\/sites\/23\/2021\/09\/Aziz-Akhannouch-rencontre-le-secrC3A9taire-gC3A9nC3A9ral-du-PAM-Abdellatif-Ouahbi-750C397430-MAP.jpg 750w, http:\/\/www.mapoujda.ma\/map\/uploads\/2021\/09\/Aziz-Akhannouch-rencontre-le-secr\u00e9taire-g\u00e9n\u00e9ral-du-PAM-Abdellatif-Ouahbi-750\u00d7430-MAP-300x172.jpg 300w\" sizes=\"auto, (max-width: 750px) 100vw, 750px\"><\/div>\n<div>\n<p style=\"text-align: justify;\">Le chef du gouvernement d\u00e9sign\u00e9, Aziz Akhannouch a entam\u00e9, lundi \u00e0 Rabat, ses consultations pour la formation du nouveau gouvernement par une rencontre avec le secr\u00e9taire g\u00e9n\u00e9ral du parti Authenticit\u00e9 et modernit\u00e9 (PAM), Abdellatif Ouahbi.<\/p>\n<p style=\"text-align: justify;\">Dans une d\u00e9claration \u00e0 la presse \u00e0 l\u2019issue de cette rencontre, M. Ouahbi a indiqu\u00e9 avoir \u00e9chang\u00e9 avec M. Akhannouch des id\u00e9es sur la possibilit\u00e9 de former une coalition gouvernementale, notant avoir re\u00e7u des \u00ab\u00a0signes positifs\u00a0\u00bb du pr\u00e9sident du Rassemblement national des ind\u00e9pendants (RNI).<\/p>\n<p style=\"text-align: justify;\">Il a assur\u00e9, \u00e0 cet effet, que le dialogue se poursuivra entre les deux partis.\u00a0\u00ab\u00a0On va essayer de concevoir une vision commune pour l\u2019avenir\u00a0\u00bb, affirm\u00e9 M. Ouahbi qui s\u2019est dit convaincu que \u00ab\u00a0les choses vont aller dans le bon sens\u00a0\u00bb.<\/p>\n<p style=\"text-align: justify;\">Le SG du PAM a tenu \u00e0 f\u00e9liciter le pr\u00e9sident du RNI pour la confiance plac\u00e9e en lui par SM le Roi, tout en lui souhaitant plein succ\u00e8s.<\/p>\n<p style=\"text-align: justify;\">Le PAM qui \u00e9tait dans l\u2019opposition lors de la pr\u00e9c\u00e9dente l\u00e9gislature, est arriv\u00e9 en deuxi\u00e8me position lors des \u00e9lections du 8 septembre avec 86 si\u00e8ges.<\/p>\n<p style=\"text-align: justify;\">Dans un communiqu\u00e9 rendu public vendredi, le bureau politique du PAM avait affirm\u00e9 \u00eatre dispos\u00e9 \u00e0 servir l\u2019int\u00e9r\u00eat g\u00e9n\u00e9ral depuis toutes les positions, et qu\u2019il n\u2019a pas trac\u00e9 de lignes rouges.<\/p>\n<p style=\"text-align: justify;\">SM le Roi Mohammed VI a re\u00e7u vendredi au Palais Royal \u00e0 F\u00e8s, M. Akhannouch que le Souverain a nomm\u00e9 chef de gouvernement et a charg\u00e9 de former le nouveau gouvernement.<\/p>\n<p style=\"text-align: justify;\">\u00abNous allons engager, \u00e0 partir de ce jour, des consultations avec les partis, avec lesquels nous serons en accord dans le futur, pour la formation d\u2019une majorit\u00e9 coh\u00e9rente, homog\u00e8ne et porteuse de programmes convergents\u00bb, a assur\u00e9 M. Akhannouch dans une d\u00e9claration \u00e0 la presse \u00e0 l\u2019issue de l\u2019audience royale.<\/p>\n<p style=\"text-align: justify;\">M. Rachid Talbi Alami, membre du bureau politique du RNI, avait indiqu\u00e9 samedi que le chef du gouvernement d\u00e9sign\u00e9 doit mener une s\u00e9rie de consultations avec\u00a0tous les partis qui ont obtenu des si\u00e8ges au Parlement pour la formation d\u2019une coalition en vue de constituer la prochaine \u00e9quipe gouvernementale.<\/p>\n<\/div>\n<p>L\u2019article <a rel=\"nofollow\" href=\"http:\/\/www.mapoujda.ma\/fr\/nouveau-gouvernement-m-akhannouch-entame-ses-consultations-par-une-rencontre-avec-le-sg-du-pam\/\">Nouveau gouvernement: M. Akhannouch entame ses consultations par une rencontre avec le SG du PAM<\/a> est apparu en premier sur <a rel=\"nofollow\" href=\"http:\/\/www.mapoujda.ma\/fr\">MapOujda<\/a>.<\/p>\n<\/div>\n<p>Auteur: Soufiane ELAHMAR<br \/>\n<a href=\"http:\/\/www.mapoujda.ma\/fr\/nouveau-gouvernement-m-akhannouch-entame-ses-consultations-par-une-rencontre-avec-le-sg-du-pam\/\">Cliquez ici pour lire l&rsquo;article depuis sa source.<\/a><\/p>\n","protected":false},"excerpt":{"rendered":"<p>Le chef du gouvernement d\u00e9sign\u00e9, Aziz Akhannouch a entam\u00e9, lundi \u00e0 Rabat, ses consultations pour la formation du nouveau gouvernement par une rencontre avec le secr\u00e9taire g\u00e9n\u00e9ral du parti Authenticit\u00e9 et modernit\u00e9 (PAM), Abdellatif Ouahbi. Dans une d\u00e9claration \u00e0 la presse \u00e0 l\u2019issue de cette rencontre, M. Ouahbi a indiqu\u00e9 avoir \u00e9chang\u00e9 avec M. Akhannouch [&hellip;]<\/p>\n","protected":false},"author":1788,"featured_media":0,"comment_status":"closed","ping_status":"closed","sticky":false,"template":"","format":"standard","meta":{"fifu_image_url":"http:\/\/www.mapoujda.ma\/map\/uploads\/2021\/09\/Aziz-Akhannouch-rencontre-le-secr\u00e9taire-g\u00e9n\u00e9ral-du-PAM-Abdellatif-Ouahbi-750\u00d7430-MAP.jpg","fifu_image_alt":"Nouveau gouvernement: M. Akhannouch entame ses consultations par une rencontre avec le SG du PAM","footnotes":""},"categories":[54,76],"tags":[],"class_list":["post-126905","post","type-post","status-publish","format-standard","hentry","category-maroc","category-regions"],"_links":{"self":[{"href":"https:\/\/linitiative.ca\/International\/wp-json\/wp\/v2\/posts\/126905","targetHints":{"allow":["GET"]}}],"collection":[{"href":"https:\/\/linitiative.ca\/International\/wp-json\/wp\/v2\/posts"}],"about":[{"href":"https:\/\/linitiative.ca\/International\/wp-json\/wp\/v2\/types\/post"}],"author":[{"embeddable":true,"href":"https:\/\/linitiative.ca\/International\/wp-json\/wp\/v2\/users\/1788"}],"replies":[{"embeddable":true,"href":"https:\/\/linitiative.ca\/International\/wp-json\/wp\/v2\/comments?post=126905"}],"version-history":[{"count":0,"href":"https:\/\/linitiative.ca\/International\/wp-json\/wp\/v2\/posts\/126905\/revisions"}],"wp:attachment":[{"href":"https:\/\/linitiative.ca\/International\/wp-json\/wp\/v2\/media?parent=126905"}],"wp:term":[{"taxonomy":"category","embeddable":true,"href":"https:\/\/linitiative.ca\/International\/wp-json\/wp\/v2\/categories?post=126905"},{"taxonomy":"post_tag","embeddable":true,"href":"https:\/\/linitiative.ca\/International\/wp-json\/wp\/v2\/tags?post=126905"}],"curies":[{"name":"wp","href":"https:\/\/api.w.org\/{rel}","templated":true}]}}