{"id":126909,"date":"2021-09-13T08:05:51","date_gmt":"2021-09-13T12:05:51","guid":{"rendered":"https:\/\/linitiative.ca\/International\/maroc-afrique-du-sud-lappel-de-bourita\/"},"modified":"2021-09-13T08:05:51","modified_gmt":"2021-09-13T12:05:51","slug":"maroc-afrique-du-sud-lappel-de-bourita","status":"publish","type":"post","link":"https:\/\/linitiative.ca\/International\/maroc-afrique-du-sud-lappel-de-bourita\/","title":{"rendered":"Maroc &#8211; Afrique du Sud: L&rsquo;appel de Bourita"},"content":{"rendered":"<div>\n<div class=\"field field-name-body field-type-text-with-summary field-label-hidden\">\n<div class=\"field-items\">\n<div class=\"field-item even\" property=\"content:encoded\">\n<p class=\"rtejustify\">Affaires \u00e9trang\u00e8res, de la Coop\u00e9ration africaine et des Marocains r\u00e9sidant \u00e0 l&rsquo;\u00e9tranger, Nasser Bourita, s&rsquo;est exprim\u00e9 sur les relations entre le Maroc et l&rsquo;Afrique dans un entretien accord\u00e9 au journal sud-africain\u00a0The Star. Bourita a affirm\u00e9 qu&rsquo;il\u00a0est d\u00e9sormais plus important pour le Maroc et l&rsquo;Afrique du Sud de travailler ensemble pour multiplier, r\u00e9ciproquement, les opportunit\u00e9s de mieux comprendre les r\u00e9alit\u00e9s politiques, \u00e9conomiques et g\u00e9opolitiques de l&rsquo;autre,<\/p>\n<\/div>\n<\/div>\n<\/div>\n<\/div>\n<p>Auteur: hgueye<br \/>\n<a href=\"https:\/\/www.leconomiste.com\/flash-infos\/maroc-afrique-du-sud-l-appel-de-bourita\">Cliquez ici pour lire l&rsquo;article depuis sa source.<\/a><\/p>\n","protected":false},"excerpt":{"rendered":"<p>Affaires \u00e9trang\u00e8res, de la Coop\u00e9ration africaine et des Marocains r\u00e9sidant \u00e0 l&rsquo;\u00e9tranger, Nasser Bourita, s&rsquo;est exprim\u00e9 sur les relations entre le Maroc et l&rsquo;Afrique dans un entretien accord\u00e9 au journal sud-africain\u00a0The Star. Bourita a affirm\u00e9 qu&rsquo;il\u00a0est d\u00e9sormais plus important pour le Maroc et l&rsquo;Afrique du Sud de travailler ensemble pour multiplier, r\u00e9ciproquement, les opportunit\u00e9s de [&hellip;]<\/p>\n","protected":false},"author":1763,"featured_media":0,"comment_status":"closed","ping_status":"closed","sticky":false,"template":"","format":"standard","meta":{"fifu_image_url":"","fifu_image_alt":"","footnotes":""},"categories":[78,54],"tags":[],"class_list":["post-126909","post","type-post","status-publish","format-standard","hentry","category-economie","category-maroc"],"_links":{"self":[{"href":"https:\/\/linitiative.ca\/International\/wp-json\/wp\/v2\/posts\/126909","targetHints":{"allow":["GET"]}}],"collection":[{"href":"https:\/\/linitiative.ca\/International\/wp-json\/wp\/v2\/posts"}],"about":[{"href":"https:\/\/linitiative.ca\/International\/wp-json\/wp\/v2\/types\/post"}],"author":[{"embeddable":true,"href":"https:\/\/linitiative.ca\/International\/wp-json\/wp\/v2\/users\/1763"}],"replies":[{"embeddable":true,"href":"https:\/\/linitiative.ca\/International\/wp-json\/wp\/v2\/comments?post=126909"}],"version-history":[{"count":0,"href":"https:\/\/linitiative.ca\/International\/wp-json\/wp\/v2\/posts\/126909\/revisions"}],"wp:attachment":[{"href":"https:\/\/linitiative.ca\/International\/wp-json\/wp\/v2\/media?parent=126909"}],"wp:term":[{"taxonomy":"category","embeddable":true,"href":"https:\/\/linitiative.ca\/International\/wp-json\/wp\/v2\/categories?post=126909"},{"taxonomy":"post_tag","embeddable":true,"href":"https:\/\/linitiative.ca\/International\/wp-json\/wp\/v2\/tags?post=126909"}],"curies":[{"name":"wp","href":"https:\/\/api.w.org\/{rel}","templated":true}]}}