{"id":126911,"date":"2021-09-13T09:29:45","date_gmt":"2021-09-13T13:29:45","guid":{"rendered":"https:\/\/linitiative.ca\/International\/nizar-baraka-loffre-presentee-par-akhannouch-sera-examinee-par-les-organes-decisionnels-du-pi\/"},"modified":"2021-09-13T09:29:45","modified_gmt":"2021-09-13T13:29:45","slug":"nizar-baraka-loffre-presentee-par-akhannouch-sera-examinee-par-les-organes-decisionnels-du-pi","status":"publish","type":"post","link":"https:\/\/linitiative.ca\/International\/nizar-baraka-loffre-presentee-par-akhannouch-sera-examinee-par-les-organes-decisionnels-du-pi\/","title":{"rendered":"Nizar Baraka: \u00ab\u00a0L&rsquo;offre pr\u00e9sent\u00e9e par Akhannouch sera examin\u00e9e par les organes d\u00e9cisionnels du PI\u00a0\u00bb"},"content":{"rendered":"<div>\n<div class=\"field field-name-body field-type-text-with-summary field-label-hidden\">\n<div class=\"field-items\">\n<div class=\"field-item even\" property=\"content:encoded\">\n<p class=\"rtejustify\">Nizar Baraka, secr\u00e9taire g\u00e9n\u00e9ral de l&rsquo;Istiqlal, a r\u00e9agi apr\u00e8s sa rencontre avec le chef du gouvernement, Aziz Akhannouch, sur la formation du prochain gouvernement. \u00ab\u00a0L\u2019offre pr\u00e9sent\u00e9e par le chef du gouvernement d\u00e9sign\u00e9 Aziz Akhannouch sera examin\u00e9e par les organes d\u00e9cisionnels du parti de l\u2019Istiqlal, notamment le Conseil national\u00a0\u00bb, a-t-il affirm\u00e9, lundi.<\/p>\n<\/div>\n<\/div>\n<\/div>\n<\/div>\n<p>Auteur: hgueye<br \/>\n<a href=\"https:\/\/www.leconomiste.com\/flash-infos\/nizar-baraka-l-offre-presentee-par-akhannouch-sera-examinee-par-les-organes-decisionnels\">Cliquez ici pour lire l&rsquo;article depuis sa source.<\/a><\/p>\n","protected":false},"excerpt":{"rendered":"<p>Nizar Baraka, secr\u00e9taire g\u00e9n\u00e9ral de l&rsquo;Istiqlal, a r\u00e9agi apr\u00e8s sa rencontre avec le chef du gouvernement, Aziz Akhannouch, sur la formation du prochain gouvernement. \u00ab\u00a0L\u2019offre pr\u00e9sent\u00e9e par le chef du gouvernement d\u00e9sign\u00e9 Aziz Akhannouch sera examin\u00e9e par les organes d\u00e9cisionnels du parti de l\u2019Istiqlal, notamment le Conseil national\u00a0\u00bb, a-t-il affirm\u00e9, lundi. Auteur: hgueye Cliquez ici [&hellip;]<\/p>\n","protected":false},"author":1763,"featured_media":0,"comment_status":"closed","ping_status":"closed","sticky":false,"template":"","format":"standard","meta":{"fifu_image_url":"","fifu_image_alt":"","footnotes":""},"categories":[78,54],"tags":[],"class_list":["post-126911","post","type-post","status-publish","format-standard","hentry","category-economie","category-maroc"],"_links":{"self":[{"href":"https:\/\/linitiative.ca\/International\/wp-json\/wp\/v2\/posts\/126911","targetHints":{"allow":["GET"]}}],"collection":[{"href":"https:\/\/linitiative.ca\/International\/wp-json\/wp\/v2\/posts"}],"about":[{"href":"https:\/\/linitiative.ca\/International\/wp-json\/wp\/v2\/types\/post"}],"author":[{"embeddable":true,"href":"https:\/\/linitiative.ca\/International\/wp-json\/wp\/v2\/users\/1763"}],"replies":[{"embeddable":true,"href":"https:\/\/linitiative.ca\/International\/wp-json\/wp\/v2\/comments?post=126911"}],"version-history":[{"count":0,"href":"https:\/\/linitiative.ca\/International\/wp-json\/wp\/v2\/posts\/126911\/revisions"}],"wp:attachment":[{"href":"https:\/\/linitiative.ca\/International\/wp-json\/wp\/v2\/media?parent=126911"}],"wp:term":[{"taxonomy":"category","embeddable":true,"href":"https:\/\/linitiative.ca\/International\/wp-json\/wp\/v2\/categories?post=126911"},{"taxonomy":"post_tag","embeddable":true,"href":"https:\/\/linitiative.ca\/International\/wp-json\/wp\/v2\/tags?post=126911"}],"curies":[{"name":"wp","href":"https:\/\/api.w.org\/{rel}","templated":true}]}}