{"id":126913,"date":"2021-09-13T11:25:18","date_gmt":"2021-09-13T15:25:18","guid":{"rendered":"https:\/\/linitiative.ca\/International\/covid-le-maroc-franchit-la-barre-des-20-millions-de-vaccines-1re-dose\/"},"modified":"2021-09-13T11:25:18","modified_gmt":"2021-09-13T15:25:18","slug":"covid-le-maroc-franchit-la-barre-des-20-millions-de-vaccines-1re-dose","status":"publish","type":"post","link":"https:\/\/linitiative.ca\/International\/covid-le-maroc-franchit-la-barre-des-20-millions-de-vaccines-1re-dose\/","title":{"rendered":"Covid: Le Maroc franchit la barre des 20 millions de vaccin\u00e9s (1re dose)"},"content":{"rendered":"<div>\n<div class=\"field field-name-body field-type-text-with-summary field-label-hidden\">\n<div class=\"field-items\">\n<div class=\"field-item even\" property=\"content:encoded\">\n<p class=\"rtejustify\">Le Maroc a franchi, ce lundi 13 septembre, la barre symbolique des 20 millions de personnes vaccin\u00e9es (1e dose). Selon le minist\u00e8re de la Sant\u00e9, le nombre de personnes ayant re\u00e7u la premi\u00e8re dose des vaccins anti-Covid atteint\u00a0<strong>20.154.375<\/strong>, alors que<strong>\u00a016.667.989<\/strong> ont eu leurs deux doses. Au total, plus de <strong>414.000<\/strong> nouvelles doses ont \u00e9t\u00e9 administr\u00e9es.<\/p>\n<\/div>\n<\/div>\n<\/div>\n<\/div>\n<p>Auteur: hgueye<br \/>\n<a href=\"https:\/\/www.leconomiste.com\/flash-infos\/covid-le-maroc-franchit-la-barre-des-20-millions-de-vaccines-1re-dose\">Cliquez ici pour lire l&rsquo;article depuis sa source.<\/a><\/p>\n","protected":false},"excerpt":{"rendered":"<p>Le Maroc a franchi, ce lundi 13 septembre, la barre symbolique des 20 millions de personnes vaccin\u00e9es (1e dose). Selon le minist\u00e8re de la Sant\u00e9, le nombre de personnes ayant re\u00e7u la premi\u00e8re dose des vaccins anti-Covid atteint\u00a020.154.375, alors que\u00a016.667.989 ont eu leurs deux doses. Au total, plus de 414.000 nouvelles doses ont \u00e9t\u00e9 administr\u00e9es. [&hellip;]<\/p>\n","protected":false},"author":1763,"featured_media":0,"comment_status":"closed","ping_status":"closed","sticky":false,"template":"","format":"standard","meta":{"fifu_image_url":"","fifu_image_alt":"","footnotes":""},"categories":[78,54],"tags":[],"class_list":["post-126913","post","type-post","status-publish","format-standard","hentry","category-economie","category-maroc"],"_links":{"self":[{"href":"https:\/\/linitiative.ca\/International\/wp-json\/wp\/v2\/posts\/126913","targetHints":{"allow":["GET"]}}],"collection":[{"href":"https:\/\/linitiative.ca\/International\/wp-json\/wp\/v2\/posts"}],"about":[{"href":"https:\/\/linitiative.ca\/International\/wp-json\/wp\/v2\/types\/post"}],"author":[{"embeddable":true,"href":"https:\/\/linitiative.ca\/International\/wp-json\/wp\/v2\/users\/1763"}],"replies":[{"embeddable":true,"href":"https:\/\/linitiative.ca\/International\/wp-json\/wp\/v2\/comments?post=126913"}],"version-history":[{"count":0,"href":"https:\/\/linitiative.ca\/International\/wp-json\/wp\/v2\/posts\/126913\/revisions"}],"wp:attachment":[{"href":"https:\/\/linitiative.ca\/International\/wp-json\/wp\/v2\/media?parent=126913"}],"wp:term":[{"taxonomy":"category","embeddable":true,"href":"https:\/\/linitiative.ca\/International\/wp-json\/wp\/v2\/categories?post=126913"},{"taxonomy":"post_tag","embeddable":true,"href":"https:\/\/linitiative.ca\/International\/wp-json\/wp\/v2\/tags?post=126913"}],"curies":[{"name":"wp","href":"https:\/\/api.w.org\/{rel}","templated":true}]}}