{"id":126914,"date":"2021-09-13T03:00:00","date_gmt":"2021-09-13T07:00:00","guid":{"rendered":"https:\/\/linitiative.ca\/International\/nice-galtier-jai-senti-quandy-delort-devait-entrer\/"},"modified":"2021-09-13T03:00:00","modified_gmt":"2021-09-13T07:00:00","slug":"nice-galtier-jai-senti-quandy-delort-devait-entrer","status":"publish","type":"post","link":"https:\/\/linitiative.ca\/International\/nice-galtier-jai-senti-quandy-delort-devait-entrer\/","title":{"rendered":"Nice &#8211; Galtier : \u00ab\u00a0J\u2019ai senti qu\u2019Andy Delort devait entrer\u00a0\u00bb"},"content":{"rendered":"<div>Face \u00e0 Nantes ce dimanche, Andy Delort a particip\u00e9 \u00e0 sa premi\u00e8re rencontre sous le maillot de l&rsquo;OGC Nice. Il a offert une passe d\u00e9cisive pour Amine Gouiri<img loading=\"lazy\" decoding=\"async\" src=\"http:\/\/feeds.feedburner.com\/~r\/GalerieFArtciles\/~4\/-Q2W1ekma84\" height=\"1\" width=\"1\" alt=\"\"><\/div>\n<p>Auteur:<br \/>\n<a href=\"http:\/\/www.lebuteur.com\/article\/detail?titre=nice-galtier-jai-senti-quandy-delort-devait-entrer&#038;id=101077&#038;utm_source=feedburner&#038;utm_medium=feed&#038;utm_campaign=Feed%3A+GalerieFArtciles+%28Les+derniers+articles++-+lebuteur.com%29\">Cliquez ici pour lire l&rsquo;article depuis sa source.<\/a><\/p>\n","protected":false},"excerpt":{"rendered":"<p>Face \u00e0 Nantes ce dimanche, Andy Delort a particip\u00e9 \u00e0 sa premi\u00e8re rencontre sous le maillot de l&rsquo;OGC Nice. Il a offert une passe d\u00e9cisive pour Amine Gouiri Auteur: Cliquez ici pour lire l&rsquo;article depuis sa source.<\/p>\n","protected":false},"author":1738,"featured_media":0,"comment_status":"closed","ping_status":"closed","sticky":false,"template":"","format":"standard","meta":{"fifu_image_url":"http:\/\/feeds.feedburner.com\/~r\/GalerieFArtciles\/~4\/-Q2W1ekma84","fifu_image_alt":"<div>Nice - Galtier : \"J\u2019ai senti qu\u2019Andy Delort devait entrer\"<\/div>","footnotes":""},"categories":[53,75],"tags":[],"class_list":["post-126914","post","type-post","status-publish","format-standard","hentry","category-algerie","category-sport"],"_links":{"self":[{"href":"https:\/\/linitiative.ca\/International\/wp-json\/wp\/v2\/posts\/126914","targetHints":{"allow":["GET"]}}],"collection":[{"href":"https:\/\/linitiative.ca\/International\/wp-json\/wp\/v2\/posts"}],"about":[{"href":"https:\/\/linitiative.ca\/International\/wp-json\/wp\/v2\/types\/post"}],"author":[{"embeddable":true,"href":"https:\/\/linitiative.ca\/International\/wp-json\/wp\/v2\/users\/1738"}],"replies":[{"embeddable":true,"href":"https:\/\/linitiative.ca\/International\/wp-json\/wp\/v2\/comments?post=126914"}],"version-history":[{"count":0,"href":"https:\/\/linitiative.ca\/International\/wp-json\/wp\/v2\/posts\/126914\/revisions"}],"wp:attachment":[{"href":"https:\/\/linitiative.ca\/International\/wp-json\/wp\/v2\/media?parent=126914"}],"wp:term":[{"taxonomy":"category","embeddable":true,"href":"https:\/\/linitiative.ca\/International\/wp-json\/wp\/v2\/categories?post=126914"},{"taxonomy":"post_tag","embeddable":true,"href":"https:\/\/linitiative.ca\/International\/wp-json\/wp\/v2\/tags?post=126914"}],"curies":[{"name":"wp","href":"https:\/\/api.w.org\/{rel}","templated":true}]}}