{"id":126919,"date":"2021-09-13T09:43:21","date_gmt":"2021-09-13T13:43:21","guid":{"rendered":"https:\/\/linitiative.ca\/International\/confinement-reouverture-des-marches-de-voitures-et-des-salles-de-sport\/"},"modified":"2021-09-13T09:43:21","modified_gmt":"2021-09-13T13:43:21","slug":"confinement-reouverture-des-marches-de-voitures-et-des-salles-de-sport","status":"publish","type":"post","link":"https:\/\/linitiative.ca\/International\/confinement-reouverture-des-marches-de-voitures-et-des-salles-de-sport\/","title":{"rendered":"Confinement : R\u00e9ouverture des march\u00e9s de voitures et des salles de sport"},"content":{"rendered":"<div>\n<div class=\"sriret\"><img decoding=\"async\" src=\"https:\/\/linitiative.ca\/International\/wp-content\/uploads\/sites\/23\/2021\/09\/default-picture-709x366_c-35.jpg\"><\/div>\n<p>Le Premier ministre, ministres des Finances, A\u00efmene Benabderrahmane, a d\u00e9cid\u00e9 de r\u00e9am\u00e9nager les horaires de confinement partiel \u00e0 domicile (de 22h00 \u00e0 5h00) dans 31 wilayas, \u00e0 compter de mardi 14\u00a0\u00a0 septembre, dans le cadre du dispositif de gestion de la crise sanitaire li\u00e9e \u00e0 la pand\u00e9mie du Coronavirus (Covid-19), indique lundi 13 septembre un communiqu\u00e9 des services du Premier ministre.<\/p>\n<p>\u00ab S\u2019inscrivant toujours dans l\u2019objectif de pr\u00e9server la sant\u00e9 des citoyens et \u00e0 les pr\u00e9munir contre tout risque de propagation du Coronavirus (Covid-19), ces mesures visent, au regard de la situation \u00e9pid\u00e9miologique,\u00a0\u00a0 \u00e0 r\u00e9am\u00e9nager le dispositif actuel de protection et de pr\u00e9vention\u00bb, indique le communiqu\u00e9. Ainsi, en mati\u00e8re de confinement partiel \u00e0 domicile, de vingt deux (22) heures\u00a0\u00a0 jusqu\u2019au lendemain \u00e0 cinq (5) heures du matin, il est reconduit dans les trente et une (31) wilayas suivantes: Laghouat, Oum El Bouaghi, Batna, Bejaia, B\u00e9char, Blida, Bouira, Tebessa, Tlemcen, Tizi-Ouzou, Alger, Jijel,\u00a0\u00a0 S\u00e9tif, Sa\u00efda, Skikda, Sidi Bel Abbes, Annaba, Guelma, Constantine, Mostaganem, M\u2019Sila, Ouargla, Oran, El Bayadh, Boumerdes, El Oued, Khenchela, Souk Ahras, Na\u00e2ma, Ain Temouchent et Relizane\u00bb. \u00abNe sont pas concern\u00e9es par la mesure de confinement \u00e0 domicile les vingt sept (27) wilayas suivantes: Adrar, Chlef, Biskra, Tamenghasset, Tiaret, Djelfa, M\u00e9d\u00e9a, Mascara, Illizi, Bordj Bou Arreridj, El Tarf, Tindouf, Tissemsilt, Tipaza, Mila, Ain Defla, Gharda\u00efa, Timimoun, Bordj Badji Mokhtar, Beni Abb\u00e9s, Ouled Djellal, In Salah, In Guezzam, Touggourt, Djanet, El Meghaeir et El Menia\u00e2\u00bb.<\/p>\n<p>Par ailleurs, en mati\u00e8re d\u2019activit\u00e9s sociales et \u00e9conomiques, il a \u00e9t\u00e9 d\u00e9cid\u00e9 de \u00abla lev\u00e9e de la mesure de fermeture, dans les wilayas concern\u00e9es par le confinement partiel \u00e0 domicile, des activit\u00e9s suivantes : des march\u00e9s de ventes des v\u00e9hicules d\u2019occasion, des salles omnisports et les salles de sport, des maisons de jeunes, des centres culturels et les biblioth\u00e8ques\u00bb. Par contre, il est question de \u00abla reconduction de la mesure d\u2019interdiction, \u00e0 travers le territoire national, de tout type de rassemblement de personnes et de regroupement familial, notamment la c\u00e9l\u00e9bration de mariages et de circoncision et autres \u00e9v\u00e9nements\u00bb et de \u00abla reconduction de la mesure relative au retrait d\u00e9finitif de l\u2019autorisation d\u2019exercice de l\u2019activit\u00e9 pour les salles des f\u00eates qui enfreignent l\u2019interdiction en vigueur\u00bb.<\/p>\n<p>L\u2019article <a rel=\"nofollow\" href=\"https:\/\/www.elwatan.com\/edition\/actualite\/confinement-ouverture-des-marches-de-voitures-et-des-salles-de-sport-13-09-2021\">Confinement : R\u00e9ouverture des march\u00e9s de voitures et des salles de sport<\/a> est apparu en premier sur <a rel=\"nofollow\" href=\"https:\/\/www.elwatan.com\/\">El Watan<\/a>.<\/p>\n<\/div>\n<p>Auteur: Abdelghani Aichoun<br \/>\n<a href=\"https:\/\/www.elwatan.com\/edition\/actualite\/confinement-ouverture-des-marches-de-voitures-et-des-salles-de-sport-13-09-2021\">Cliquez ici pour lire l&rsquo;article depuis sa source.<\/a><\/p>\n","protected":false},"excerpt":{"rendered":"<p>Le Premier ministre, ministres des Finances, A\u00efmene Benabderrahmane, a d\u00e9cid\u00e9 de r\u00e9am\u00e9nager les horaires de confinement partiel \u00e0 domicile (de 22h00 \u00e0 5h00) dans 31 wilayas, \u00e0 compter de mardi 14\u00a0\u00a0 septembre, dans le cadre du dispositif de gestion de la crise sanitaire li\u00e9e \u00e0 la pand\u00e9mie du Coronavirus (Covid-19), indique lundi 13 septembre un [&hellip;]<\/p>\n","protected":false},"author":1743,"featured_media":0,"comment_status":"closed","ping_status":"closed","sticky":false,"template":"","format":"standard","meta":{"fifu_image_url":"https:\/\/www.elwatan.com\/wp-content\/themes\/spectr\/img\/default-picture-709x366_c.jpg","fifu_image_alt":"Confinement : R\u00e9ouverture des march\u00e9s de voitures et des salles de sport","footnotes":""},"categories":[73,53],"tags":[],"class_list":["post-126919","post","type-post","status-publish","format-standard","hentry","category-actualite","category-algerie"],"_links":{"self":[{"href":"https:\/\/linitiative.ca\/International\/wp-json\/wp\/v2\/posts\/126919","targetHints":{"allow":["GET"]}}],"collection":[{"href":"https:\/\/linitiative.ca\/International\/wp-json\/wp\/v2\/posts"}],"about":[{"href":"https:\/\/linitiative.ca\/International\/wp-json\/wp\/v2\/types\/post"}],"author":[{"embeddable":true,"href":"https:\/\/linitiative.ca\/International\/wp-json\/wp\/v2\/users\/1743"}],"replies":[{"embeddable":true,"href":"https:\/\/linitiative.ca\/International\/wp-json\/wp\/v2\/comments?post=126919"}],"version-history":[{"count":0,"href":"https:\/\/linitiative.ca\/International\/wp-json\/wp\/v2\/posts\/126919\/revisions"}],"wp:attachment":[{"href":"https:\/\/linitiative.ca\/International\/wp-json\/wp\/v2\/media?parent=126919"}],"wp:term":[{"taxonomy":"category","embeddable":true,"href":"https:\/\/linitiative.ca\/International\/wp-json\/wp\/v2\/categories?post=126919"},{"taxonomy":"post_tag","embeddable":true,"href":"https:\/\/linitiative.ca\/International\/wp-json\/wp\/v2\/tags?post=126919"}],"curies":[{"name":"wp","href":"https:\/\/api.w.org\/{rel}","templated":true}]}}