{"id":126921,"date":"2021-09-13T10:32:41","date_gmt":"2021-09-13T14:32:41","guid":{"rendered":"https:\/\/linitiative.ca\/International\/jijel-interpellation-de-lauteur-presume-du-meurtre-par-balles-de-son-epouse-et-ses-deux-filles\/"},"modified":"2021-09-13T10:32:41","modified_gmt":"2021-09-13T14:32:41","slug":"jijel-interpellation-de-lauteur-presume-du-meurtre-par-balles-de-son-epouse-et-ses-deux-filles","status":"publish","type":"post","link":"https:\/\/linitiative.ca\/International\/jijel-interpellation-de-lauteur-presume-du-meurtre-par-balles-de-son-epouse-et-ses-deux-filles\/","title":{"rendered":"Jijel : interpellation de l\u2019auteur pr\u00e9sum\u00e9 du meurtre par balles de son \u00e9pouse et ses deux filles"},"content":{"rendered":"<div>\n<div class=\"sriret\"><img decoding=\"async\" src=\"https:\/\/linitiative.ca\/International\/wp-content\/uploads\/sites\/23\/2021\/09\/default-picture-709x366_c-36.jpg\"><\/div>\n<p>Le parquet de la R\u00e9publique pr\u00e8s le tribunal de Tahir (Jijel) a r\u00e9v\u00e9l\u00e9 lundi 13 septembre le transfert vers l\u2019h\u00f4pital d\u2019un policier \u00ab\u00a0gri\u00e8vement bless\u00e9\u00a0\u00bb, soup\u00e7onn\u00e9 d\u2019avoir tu\u00e9 par balles hier, dimanche, son \u00e9pouse et ses deux filles.<\/p>\n<p>Dans un communiqu\u00e9 dont une copie a \u00e9t\u00e9 remise \u00e0 l\u2019APS, le parquet de la R\u00e9publique a pr\u00e9cis\u00e9 que \u00ab\u00a0vers 14h00 hier, dimanche, les \u00e9l\u00e9ments de la brigade de la Gendarmerie nationale de Tahir ont notifi\u00e9 au parquet pr\u00e8s le tribunal de Tahir que des coups de feu ont \u00e9t\u00e9 entendus dans l\u2019une des maisons de la r\u00e9gion de Beni Metrane dans la m\u00eame commune, suite \u00e0 laquelle le procureur de la R\u00e9publique s\u2019est d\u00e9plac\u00e9, accompagn\u00e9 par des \u00e9l\u00e9ments de la police judiciaire sur les lieux\u00a0\u00bb. Le communiqu\u00e9 poursuit : \u00ab\u00a0Il s\u2019est av\u00e9r\u00e9 qu\u2019il s\u2019agit de (LN), 43 ans, un policier de son \u00e9tat travaillant \u00e0 la s\u00fbret\u00e9 de wilaya de Jijel, qui aurait tir\u00e9 avec son arme de service sur son \u00e9pouse (AS), 39 ans et ses deux filles mineures (LL), 12 ans, et (L.A.) 9 ans, d\u00e9c\u00e9d\u00e9es sur le coup, chacune par une balle tir\u00e9e dans la t\u00eate\u00a0\u00bb. Et d\u2019ajouter : \u00ab\u00a0apr\u00e8s la perquisition des lieux, le suspect a \u00e9t\u00e9 retrouv\u00e9 dans l\u2019une des pi\u00e8ces inachev\u00e9es de la demeure, allong\u00e9 sur le sol, bless\u00e9 par balles et dans un \u00e9tat critique, son arme \u00e0 feu \u00e0 c\u00f4t\u00e9 de lui\u00a0\u00bb. Le communiqu\u00e9 du parquet de la R\u00e9publique a indiqu\u00e9 que le suspect avait \u00e9t\u00e9 transf\u00e9r\u00e9 \u00e0 l\u2019h\u00f4pital en raison de la gravit\u00e9 de sa blessure. Le parquet a ordonn\u00e9 l\u2019ouverture d\u2019une enqu\u00eate sur l\u2019affaire dont l\u2019autopsie des victimes tandis que les investigations et les recherches se poursuivent pour d\u00e9terminer toutes les circonstances de cette affaire.<\/p>\n<p>L\u2019article <a rel=\"nofollow\" href=\"https:\/\/www.elwatan.com\/edition\/actualite\/jijel-interpellation-de-lauteur-presume-du-meurtre-par-balles-de-son-epouse-et-ses-deux-filles-13-09-2021\">Jijel : interpellation de l\u2019auteur pr\u00e9sum\u00e9 du meurtre par balles de son \u00e9pouse et ses deux filles<\/a> est apparu en premier sur <a rel=\"nofollow\" href=\"https:\/\/www.elwatan.com\/\">El Watan<\/a>.<\/p>\n<\/div>\n<p>Auteur: Abdelghani Aichoun<br \/>\n<a href=\"https:\/\/www.elwatan.com\/edition\/actualite\/jijel-interpellation-de-lauteur-presume-du-meurtre-par-balles-de-son-epouse-et-ses-deux-filles-13-09-2021\">Cliquez ici pour lire l&rsquo;article depuis sa source.<\/a><\/p>\n","protected":false},"excerpt":{"rendered":"<p>Le parquet de la R\u00e9publique pr\u00e8s le tribunal de Tahir (Jijel) a r\u00e9v\u00e9l\u00e9 lundi 13 septembre le transfert vers l\u2019h\u00f4pital d\u2019un policier \u00ab\u00a0gri\u00e8vement bless\u00e9\u00a0\u00bb, soup\u00e7onn\u00e9 d\u2019avoir tu\u00e9 par balles hier, dimanche, son \u00e9pouse et ses deux filles. Dans un communiqu\u00e9 dont une copie a \u00e9t\u00e9 remise \u00e0 l\u2019APS, le parquet de la R\u00e9publique a pr\u00e9cis\u00e9 [&hellip;]<\/p>\n","protected":false},"author":1743,"featured_media":0,"comment_status":"closed","ping_status":"closed","sticky":false,"template":"","format":"standard","meta":{"fifu_image_url":"https:\/\/www.elwatan.com\/wp-content\/themes\/spectr\/img\/default-picture-709x366_c.jpg","fifu_image_alt":"Jijel : interpellation de l\u2019auteur pr\u00e9sum\u00e9 du meurtre par balles de son \u00e9pouse et ses deux filles","footnotes":""},"categories":[73,53],"tags":[],"class_list":["post-126921","post","type-post","status-publish","format-standard","hentry","category-actualite","category-algerie"],"_links":{"self":[{"href":"https:\/\/linitiative.ca\/International\/wp-json\/wp\/v2\/posts\/126921","targetHints":{"allow":["GET"]}}],"collection":[{"href":"https:\/\/linitiative.ca\/International\/wp-json\/wp\/v2\/posts"}],"about":[{"href":"https:\/\/linitiative.ca\/International\/wp-json\/wp\/v2\/types\/post"}],"author":[{"embeddable":true,"href":"https:\/\/linitiative.ca\/International\/wp-json\/wp\/v2\/users\/1743"}],"replies":[{"embeddable":true,"href":"https:\/\/linitiative.ca\/International\/wp-json\/wp\/v2\/comments?post=126921"}],"version-history":[{"count":0,"href":"https:\/\/linitiative.ca\/International\/wp-json\/wp\/v2\/posts\/126921\/revisions"}],"wp:attachment":[{"href":"https:\/\/linitiative.ca\/International\/wp-json\/wp\/v2\/media?parent=126921"}],"wp:term":[{"taxonomy":"category","embeddable":true,"href":"https:\/\/linitiative.ca\/International\/wp-json\/wp\/v2\/categories?post=126921"},{"taxonomy":"post_tag","embeddable":true,"href":"https:\/\/linitiative.ca\/International\/wp-json\/wp\/v2\/tags?post=126921"}],"curies":[{"name":"wp","href":"https:\/\/api.w.org\/{rel}","templated":true}]}}