{"id":126925,"date":"2021-09-13T10:49:31","date_gmt":"2021-09-13T14:49:31","guid":{"rendered":"https:\/\/linitiative.ca\/International\/discours-de-la-haine-erriva-condamne-a-huit-mois-de-prison-ferme\/"},"modified":"2021-09-13T10:49:31","modified_gmt":"2021-09-13T14:49:31","slug":"discours-de-la-haine-erriva-condamne-a-huit-mois-de-prison-ferme","status":"publish","type":"post","link":"https:\/\/linitiative.ca\/International\/discours-de-la-haine-erriva-condamne-a-huit-mois-de-prison-ferme\/","title":{"rendered":"Discours de la haine : \u00ab\u00a0Erriva\u00a0\u00bb condamn\u00e9 \u00e0 huit mois de prison ferme"},"content":{"rendered":"<div>\n<div class=\"sriret\"><img decoding=\"async\" src=\"https:\/\/linitiative.ca\/International\/wp-content\/uploads\/sites\/23\/2021\/09\/default-picture-709x366_c-38.jpg\"><\/div>\n<p>Le pr\u00e9sident de la section p\u00e9nale pr\u00e8s le tribunal correctionnel de Annaba a prononc\u00e9, aujourd\u2019hui lundi 13 septembre, une peine de huit mois de prison ferme, assortie d\u2019une amende de 100 000 DA \u00e0 l\u2019encontre de l\u2019accus\u00e9, B-R, 32 ans. Cette condamnation concerne une premi\u00e8re affaire li\u00e9e \u00e0 une accusation de \u00ab\u00a0discours de la haine comprenant un appel \u00e0 la violence\u00a0\u00bb.<\/p>\n<p>Le mis en cause a \u00e9t\u00e9 par contre relax\u00e9 dans la deuxi\u00e8me affaire concernant l\u2019 \u00abincitation \u00e0 commettre des d\u00e9lits \u00bb et \u00ab troubles \u00e0 l\u2019ordre public \u00bb. C\u2019est surtout le premier dossier qui a d\u00e9fray\u00e9 la chronique lorsque ce jeune repris de justice a diffus\u00e9 sur les r\u00e9seaux sociaux une vid\u00e9o devenue virale appelant explicitement \u00e0 la \u00ab haine raciale \u00bb, et ce, au lendemain du crime crapuleux\u00a0 dont a \u00e9t\u00e9 victime le jeune artiste Djamel Bensmain.<\/p>\n<p>L\u2019article <a rel=\"nofollow\" href=\"https:\/\/www.elwatan.com\/edition\/actualite\/discours-la-haine-erriva-condamne-a-huit-mois-de-prison-ferme-13-09-2021\">Discours de la haine : \u00ab\u00a0Erriva\u00a0\u00bb condamn\u00e9 \u00e0 huit mois de prison ferme<\/a> est apparu en premier sur <a rel=\"nofollow\" href=\"https:\/\/www.elwatan.com\/\">El Watan<\/a>.<\/p>\n<\/div>\n<p>Auteur: Abdelghani Aichoun<br \/>\n<a href=\"https:\/\/www.elwatan.com\/edition\/actualite\/discours-la-haine-erriva-condamne-a-huit-mois-de-prison-ferme-13-09-2021\">Cliquez ici pour lire l&rsquo;article depuis sa source.<\/a><\/p>\n","protected":false},"excerpt":{"rendered":"<p>Le pr\u00e9sident de la section p\u00e9nale pr\u00e8s le tribunal correctionnel de Annaba a prononc\u00e9, aujourd\u2019hui lundi 13 septembre, une peine de huit mois de prison ferme, assortie d\u2019une amende de 100 000 DA \u00e0 l\u2019encontre de l\u2019accus\u00e9, B-R, 32 ans. Cette condamnation concerne une premi\u00e8re affaire li\u00e9e \u00e0 une accusation de \u00ab\u00a0discours de la haine [&hellip;]<\/p>\n","protected":false},"author":1743,"featured_media":0,"comment_status":"closed","ping_status":"closed","sticky":false,"template":"","format":"standard","meta":{"fifu_image_url":"https:\/\/www.elwatan.com\/wp-content\/themes\/spectr\/img\/default-picture-709x366_c.jpg","fifu_image_alt":"Discours de la haine : \u00ab\u00a0Erriva\u00a0\u00bb condamn\u00e9 \u00e0 huit mois de prison ferme","footnotes":""},"categories":[73,53],"tags":[],"class_list":["post-126925","post","type-post","status-publish","format-standard","hentry","category-actualite","category-algerie"],"_links":{"self":[{"href":"https:\/\/linitiative.ca\/International\/wp-json\/wp\/v2\/posts\/126925","targetHints":{"allow":["GET"]}}],"collection":[{"href":"https:\/\/linitiative.ca\/International\/wp-json\/wp\/v2\/posts"}],"about":[{"href":"https:\/\/linitiative.ca\/International\/wp-json\/wp\/v2\/types\/post"}],"author":[{"embeddable":true,"href":"https:\/\/linitiative.ca\/International\/wp-json\/wp\/v2\/users\/1743"}],"replies":[{"embeddable":true,"href":"https:\/\/linitiative.ca\/International\/wp-json\/wp\/v2\/comments?post=126925"}],"version-history":[{"count":0,"href":"https:\/\/linitiative.ca\/International\/wp-json\/wp\/v2\/posts\/126925\/revisions"}],"wp:attachment":[{"href":"https:\/\/linitiative.ca\/International\/wp-json\/wp\/v2\/media?parent=126925"}],"wp:term":[{"taxonomy":"category","embeddable":true,"href":"https:\/\/linitiative.ca\/International\/wp-json\/wp\/v2\/categories?post=126925"},{"taxonomy":"post_tag","embeddable":true,"href":"https:\/\/linitiative.ca\/International\/wp-json\/wp\/v2\/tags?post=126925"}],"curies":[{"name":"wp","href":"https:\/\/api.w.org\/{rel}","templated":true}]}}