{"id":126927,"date":"2021-09-13T17:05:07","date_gmt":"2021-09-13T21:05:07","guid":{"rendered":"https:\/\/linitiative.ca\/International\/etusa-ouverture-dune-ligne-alger-nouvelle-ville-de-bouinane\/"},"modified":"2021-09-13T17:05:07","modified_gmt":"2021-09-13T21:05:07","slug":"etusa-ouverture-dune-ligne-alger-nouvelle-ville-de-bouinane","status":"publish","type":"post","link":"https:\/\/linitiative.ca\/International\/etusa-ouverture-dune-ligne-alger-nouvelle-ville-de-bouinane\/","title":{"rendered":"ETUSA : Ouverture d\u2019une ligne Alger-nouvelle ville de Bouinane"},"content":{"rendered":"<div>\n<div class=\"sriret\"><img decoding=\"async\" src=\"https:\/\/linitiative.ca\/International\/wp-content\/uploads\/sites\/23\/2021\/09\/default-picture-709x366_c-39.jpg\"><\/div>\n<p class=\"p3\"><span class=\"s3\"><b>U<\/b><\/span>ne nouvelle ligne directe de transport, qui va relier la ville nouvelle de Bouinane (Blida) \u00e0 la capitale Alger, a \u00e9t\u00e9 ouverte hier<span class=\"Apple-converted-space\">\u00a0 <\/span>par l\u2019Entreprise de transports urbain et suburbain d\u2019Alger, Etusa, a-t-on appris, dimanche, aupr\u00e8s du directeur des transports de Blida.<\/p>\n<p class=\"p3\">La nouvelle ligne a \u00e9t\u00e9 ouverte dans le cadre du plan de transport de la ville nouvelle de Bouinane (est de Blida) afin de faciliter les d\u00e9placements d\u2019un nombre d\u2019habitants de Bouinane qui travaillent \u00e0 Alger, a<span class=\"Apple-converted-space\">\u00a0 <\/span>indiqu\u00e9, \u00e0 l\u2019APS, Idir Ramdane.<\/p>\n<p>L\u2019article <a rel=\"nofollow\" href=\"https:\/\/www.elwatan.com\/regions\/centre\/alger\/etusa-ouverture-dune-ligne-alger-nouvelle-ville-de-bouinane-13-09-2021\">ETUSA : Ouverture d\u2019une ligne Alger-nouvelle ville de Bouinane<\/a> est apparu en premier sur <a rel=\"nofollow\" href=\"https:\/\/www.elwatan.com\/\">El Watan<\/a>.<\/p>\n<\/div>\n<p>Auteur: Anis Khecheba<br \/>\n<a href=\"https:\/\/www.elwatan.com\/regions\/centre\/alger\/etusa-ouverture-dune-ligne-alger-nouvelle-ville-de-bouinane-13-09-2021\">Cliquez ici pour lire l&rsquo;article depuis sa source.<\/a><\/p>\n","protected":false},"excerpt":{"rendered":"<p>Une nouvelle ligne directe de transport, qui va relier la ville nouvelle de Bouinane (Blida) \u00e0 la capitale Alger, a \u00e9t\u00e9 ouverte hier\u00a0 par l\u2019Entreprise de transports urbain et suburbain d\u2019Alger, Etusa, a-t-on appris, dimanche, aupr\u00e8s du directeur des transports de Blida. La nouvelle ligne a \u00e9t\u00e9 ouverte dans le cadre du plan de transport [&hellip;]<\/p>\n","protected":false},"author":1743,"featured_media":0,"comment_status":"closed","ping_status":"closed","sticky":false,"template":"","format":"standard","meta":{"fifu_image_url":"https:\/\/www.elwatan.com\/wp-content\/themes\/spectr\/img\/default-picture-709x366_c.jpg","fifu_image_alt":"ETUSA : Ouverture d\u2019une ligne Alger-nouvelle ville de Bouinane","footnotes":""},"categories":[73,53],"tags":[],"class_list":["post-126927","post","type-post","status-publish","format-standard","hentry","category-actualite","category-algerie"],"_links":{"self":[{"href":"https:\/\/linitiative.ca\/International\/wp-json\/wp\/v2\/posts\/126927","targetHints":{"allow":["GET"]}}],"collection":[{"href":"https:\/\/linitiative.ca\/International\/wp-json\/wp\/v2\/posts"}],"about":[{"href":"https:\/\/linitiative.ca\/International\/wp-json\/wp\/v2\/types\/post"}],"author":[{"embeddable":true,"href":"https:\/\/linitiative.ca\/International\/wp-json\/wp\/v2\/users\/1743"}],"replies":[{"embeddable":true,"href":"https:\/\/linitiative.ca\/International\/wp-json\/wp\/v2\/comments?post=126927"}],"version-history":[{"count":0,"href":"https:\/\/linitiative.ca\/International\/wp-json\/wp\/v2\/posts\/126927\/revisions"}],"wp:attachment":[{"href":"https:\/\/linitiative.ca\/International\/wp-json\/wp\/v2\/media?parent=126927"}],"wp:term":[{"taxonomy":"category","embeddable":true,"href":"https:\/\/linitiative.ca\/International\/wp-json\/wp\/v2\/categories?post=126927"},{"taxonomy":"post_tag","embeddable":true,"href":"https:\/\/linitiative.ca\/International\/wp-json\/wp\/v2\/tags?post=126927"}],"curies":[{"name":"wp","href":"https:\/\/api.w.org\/{rel}","templated":true}]}}