{"id":126929,"date":"2021-09-13T07:41:00","date_gmt":"2021-09-13T11:41:00","guid":{"rendered":"https:\/\/linitiative.ca\/International\/ce-fou-de-diderot\/"},"modified":"2021-09-13T07:41:00","modified_gmt":"2021-09-13T11:41:00","slug":"ce-fou-de-diderot","status":"publish","type":"post","link":"https:\/\/linitiative.ca\/International\/ce-fou-de-diderot\/","title":{"rendered":"Ce fou de Diderot"},"content":{"rendered":"<div><img decoding=\"async\" src=\"https:\/\/linitiative.ca\/International\/wp-content\/uploads\/sites\/23\/2021\/09\/1631535680_article.jpg\" alt=\"Ce fou de Diderot \" align=\"left\">[Homme d\u2019id\u00e9es et de passions, provocant, libre et touche-\u00e0-tout\u2026<br \/>\nQui sait encore vivre, avec tant de panache, la vie de l\u2019esprit et des sentiments?]<br \/>\nPar Mohamed Habib Salamouna &#8211; Qu\u2019est-ce qu\u2019un livre ? Pour l\u2019administration, \u00e0 l\u2019\u00e9vidence, l\u2019assemblage de diverses mati\u00e8res, comme la cellulose du papier, l\u2019alchimie des illustrations et cette juxtaposition de traits gris-noir imprim\u00e9s qu\u2019on appelle les lignes. Composantes d&rsquo;un \u00ab\u00a0produit\u00a0\u00bb et naturellement assujetties \u00e0 la TVA que les utilisateurs r\u00e9cup\u00e8rent en conservant les diverses factures aff\u00e9rentes \u00e0 leurs activit\u00e9s.<br \/>\nD\u00e9finition simplificatrice qui ne correspond pas \u00e0 celle du lecteur. Il cherche, lui, &#8230;<\/p>\n<\/div>\n<p>Auteur:<br \/>\n<a href=\"https:\/\/www.leaders.com.tn\/article\/32398-ce-fou-de-diderot\">Cliquez ici pour lire l&rsquo;article depuis sa source.<\/a><\/p>\n","protected":false},"excerpt":{"rendered":"<p>[Homme d\u2019id\u00e9es et de passions, provocant, libre et touche-\u00e0-tout\u2026 Qui sait encore vivre, avec tant de panache, la vie de l\u2019esprit et des sentiments?] Par Mohamed Habib Salamouna &#8211; Qu\u2019est-ce qu\u2019un livre ? Pour l\u2019administration, \u00e0 l\u2019\u00e9vidence, l\u2019assemblage de diverses mati\u00e8res, comme la cellulose du papier, l\u2019alchimie des illustrations et cette juxtaposition de traits gris-noir [&hellip;]<\/p>\n","protected":false},"author":1772,"featured_media":0,"comment_status":"closed","ping_status":"closed","sticky":false,"template":"","format":"standard","meta":{"fifu_image_url":"http:\/\/www.leaders.com.tn\/uploads\/content\/thumbnails_small\/1631535680_article.jpg","fifu_image_alt":"Ce fou de Diderot","footnotes":""},"categories":[73,55],"tags":[],"class_list":["post-126929","post","type-post","status-publish","format-standard","hentry","category-actualite","category-tunisie"],"_links":{"self":[{"href":"https:\/\/linitiative.ca\/International\/wp-json\/wp\/v2\/posts\/126929","targetHints":{"allow":["GET"]}}],"collection":[{"href":"https:\/\/linitiative.ca\/International\/wp-json\/wp\/v2\/posts"}],"about":[{"href":"https:\/\/linitiative.ca\/International\/wp-json\/wp\/v2\/types\/post"}],"author":[{"embeddable":true,"href":"https:\/\/linitiative.ca\/International\/wp-json\/wp\/v2\/users\/1772"}],"replies":[{"embeddable":true,"href":"https:\/\/linitiative.ca\/International\/wp-json\/wp\/v2\/comments?post=126929"}],"version-history":[{"count":0,"href":"https:\/\/linitiative.ca\/International\/wp-json\/wp\/v2\/posts\/126929\/revisions"}],"wp:attachment":[{"href":"https:\/\/linitiative.ca\/International\/wp-json\/wp\/v2\/media?parent=126929"}],"wp:term":[{"taxonomy":"category","embeddable":true,"href":"https:\/\/linitiative.ca\/International\/wp-json\/wp\/v2\/categories?post=126929"},{"taxonomy":"post_tag","embeddable":true,"href":"https:\/\/linitiative.ca\/International\/wp-json\/wp\/v2\/tags?post=126929"}],"curies":[{"name":"wp","href":"https:\/\/api.w.org\/{rel}","templated":true}]}}