{"id":126935,"date":"2021-09-13T09:30:00","date_gmt":"2021-09-13T13:30:00","guid":{"rendered":"https:\/\/linitiative.ca\/International\/un-nouveau-mastere-democratie-et-droits-de-lhomme-initie-en-commun-entre-des-facultes-de-droits-tunisiennes-et-etrangeres-album-photos\/"},"modified":"2021-09-13T09:30:00","modified_gmt":"2021-09-13T13:30:00","slug":"un-nouveau-mastere-democratie-et-droits-de-lhomme-initie-en-commun-entre-des-facultes-de-droits-tunisiennes-et-etrangeres-album-photos","status":"publish","type":"post","link":"https:\/\/linitiative.ca\/International\/un-nouveau-mastere-democratie-et-droits-de-lhomme-initie-en-commun-entre-des-facultes-de-droits-tunisiennes-et-etrangeres-album-photos\/","title":{"rendered":"Un nouveau mast\u00e8re D\u00e9mocratie et droits de l\u2019homme initi\u00e9 en commun entre des facult\u00e9s de droits tunisiennes et \u00e9trang\u00e8res (Album photos)"},"content":{"rendered":"<div><img decoding=\"async\" src=\"https:\/\/linitiative.ca\/International\/wp-content\/uploads\/sites\/23\/2021\/09\/1631536858_article.jpg\" alt=\"Un nouveau mast\u00e8re d\u00e9mocratie et droits de l\u2019homme initi\u00e9 en commun entre des facult\u00e9s de droits tunisiennes et \u00e9trang\u00e8res\" align=\"left\">\u00ab C\u2019est une voie d\u2019avenir et nous devons nous y mettre en commun, facult\u00e9s tunisiennes et \u00e9trang\u00e8res \u00bb, affirme Neila Chaabane, doyenne de la Facult\u00e9 des Sciences juridiques, politiques et sociales de Tunis, annon\u00e7ant un nouveau mast\u00e8re D\u00e9mocratie et droits de l\u2019Homme \u00bb. S\u2019ajoutant aux 15 mast\u00e8res de la facult\u00e9, il est initi\u00e9 conjointement avec la facult\u00e9 de Droit et des Sciences politiques (Universit\u00e9 de Tunis El Manar), en association avec des facult\u00e9s similaires au Maroc, au Liban, en Espagne et aux Pays-Bas. \u00ab Faire travailler ensemble des universitaires juristes et non-juristes de divers pays sur des th\u00e9matiques transversales, permet de donner une dimension &#8230;<\/p>\n<\/div>\n<p>Auteur:<br \/>\n<a href=\"https:\/\/www.leaders.com.tn\/article\/32396-un-nouveau-mastere-democratie-et-droits-de-l-homme-initie-en-commun-entre-des-facultes-de-droits-tunisiennes-et-etrangeres\">Cliquez ici pour lire l&rsquo;article depuis sa source.<\/a><\/p>\n","protected":false},"excerpt":{"rendered":"<p>\u00ab C\u2019est une voie d\u2019avenir et nous devons nous y mettre en commun, facult\u00e9s tunisiennes et \u00e9trang\u00e8res \u00bb, affirme Neila Chaabane, doyenne de la Facult\u00e9 des Sciences juridiques, politiques et sociales de Tunis, annon\u00e7ant un nouveau mast\u00e8re D\u00e9mocratie et droits de l\u2019Homme \u00bb. S\u2019ajoutant aux 15 mast\u00e8res de la facult\u00e9, il est initi\u00e9 conjointement avec [&hellip;]<\/p>\n","protected":false},"author":1772,"featured_media":0,"comment_status":"closed","ping_status":"closed","sticky":false,"template":"","format":"standard","meta":{"fifu_image_url":"http:\/\/www.leaders.com.tn\/uploads\/content\/thumbnails_small\/1631536858_article.jpg","fifu_image_alt":"Un nouveau mast\u00e8re D\u00e9mocratie et droits de l\u2019homme initi\u00e9 en commun entre des facult\u00e9s de droits tunisiennes et \u00e9trang\u00e8res (Album photos)","footnotes":""},"categories":[73,55],"tags":[],"class_list":["post-126935","post","type-post","status-publish","format-standard","hentry","category-actualite","category-tunisie"],"_links":{"self":[{"href":"https:\/\/linitiative.ca\/International\/wp-json\/wp\/v2\/posts\/126935","targetHints":{"allow":["GET"]}}],"collection":[{"href":"https:\/\/linitiative.ca\/International\/wp-json\/wp\/v2\/posts"}],"about":[{"href":"https:\/\/linitiative.ca\/International\/wp-json\/wp\/v2\/types\/post"}],"author":[{"embeddable":true,"href":"https:\/\/linitiative.ca\/International\/wp-json\/wp\/v2\/users\/1772"}],"replies":[{"embeddable":true,"href":"https:\/\/linitiative.ca\/International\/wp-json\/wp\/v2\/comments?post=126935"}],"version-history":[{"count":0,"href":"https:\/\/linitiative.ca\/International\/wp-json\/wp\/v2\/posts\/126935\/revisions"}],"wp:attachment":[{"href":"https:\/\/linitiative.ca\/International\/wp-json\/wp\/v2\/media?parent=126935"}],"wp:term":[{"taxonomy":"category","embeddable":true,"href":"https:\/\/linitiative.ca\/International\/wp-json\/wp\/v2\/categories?post=126935"},{"taxonomy":"post_tag","embeddable":true,"href":"https:\/\/linitiative.ca\/International\/wp-json\/wp\/v2\/tags?post=126935"}],"curies":[{"name":"wp","href":"https:\/\/api.w.org\/{rel}","templated":true}]}}