{"id":126943,"date":"2021-09-13T06:00:00","date_gmt":"2021-09-13T10:00:00","guid":{"rendered":"https:\/\/linitiative.ca\/International\/le-nomadisme-refait-surface\/"},"modified":"2021-09-13T06:00:00","modified_gmt":"2021-09-13T10:00:00","slug":"le-nomadisme-refait-surface","status":"publish","type":"post","link":"https:\/\/linitiative.ca\/International\/le-nomadisme-refait-surface\/","title":{"rendered":"Le \u00abnomadisme\u00bb refait surface"},"content":{"rendered":"<div>Avec l\u2019op\u00e9ration de pr\u00e9paration des \u00e9lections locales anticip\u00e9es du 27 novembre prochain, le nomadisme politique reprend ses droits et de plus belle. Un fl\u00e9au qui gangr\u00e8ne m\u00eame les partis d\u2019opposition. Et pour<\/div>\n<p>Auteur:<br \/>\n<a href=\"https:\/\/www.lesoirdalgerie.com\/periscoop\/le-nomadisme-refait-surface-67365\">Cliquez ici pour lire l&rsquo;article depuis sa source.<\/a><\/p>\n","protected":false},"excerpt":{"rendered":"<p>Avec l\u2019op\u00e9ration de pr\u00e9paration des \u00e9lections locales anticip\u00e9es du 27 novembre prochain, le nomadisme politique reprend ses droits et de plus belle. Un fl\u00e9au qui gangr\u00e8ne m\u00eame les partis d\u2019opposition. Et pour Auteur: Cliquez ici pour lire l&rsquo;article depuis sa source.<\/p>\n","protected":false},"author":1741,"featured_media":0,"comment_status":"closed","ping_status":"closed","sticky":false,"template":"","format":"standard","meta":{"fifu_image_url":"","fifu_image_alt":"","footnotes":""},"categories":[73,53],"tags":[],"class_list":["post-126943","post","type-post","status-publish","format-standard","hentry","category-actualite","category-algerie"],"_links":{"self":[{"href":"https:\/\/linitiative.ca\/International\/wp-json\/wp\/v2\/posts\/126943","targetHints":{"allow":["GET"]}}],"collection":[{"href":"https:\/\/linitiative.ca\/International\/wp-json\/wp\/v2\/posts"}],"about":[{"href":"https:\/\/linitiative.ca\/International\/wp-json\/wp\/v2\/types\/post"}],"author":[{"embeddable":true,"href":"https:\/\/linitiative.ca\/International\/wp-json\/wp\/v2\/users\/1741"}],"replies":[{"embeddable":true,"href":"https:\/\/linitiative.ca\/International\/wp-json\/wp\/v2\/comments?post=126943"}],"version-history":[{"count":0,"href":"https:\/\/linitiative.ca\/International\/wp-json\/wp\/v2\/posts\/126943\/revisions"}],"wp:attachment":[{"href":"https:\/\/linitiative.ca\/International\/wp-json\/wp\/v2\/media?parent=126943"}],"wp:term":[{"taxonomy":"category","embeddable":true,"href":"https:\/\/linitiative.ca\/International\/wp-json\/wp\/v2\/categories?post=126943"},{"taxonomy":"post_tag","embeddable":true,"href":"https:\/\/linitiative.ca\/International\/wp-json\/wp\/v2\/tags?post=126943"}],"curies":[{"name":"wp","href":"https:\/\/api.w.org\/{rel}","templated":true}]}}