{"id":126944,"date":"2021-09-13T06:38:18","date_gmt":"2021-09-13T10:38:18","guid":{"rendered":"https:\/\/linitiative.ca\/International\/aziz-akhannouch-annonce-son-retrait-total-du-business-familial-et-prive\/"},"modified":"2021-09-13T06:38:18","modified_gmt":"2021-09-13T10:38:18","slug":"aziz-akhannouch-annonce-son-retrait-total-du-business-familial-et-prive","status":"publish","type":"post","link":"https:\/\/linitiative.ca\/International\/aziz-akhannouch-annonce-son-retrait-total-du-business-familial-et-prive\/","title":{"rendered":"Aziz Akhannouch annonce son retrait total du business familial et priv\u00e9"},"content":{"rendered":"<div><img decoding=\"async\" width=\"999\" height=\"629\" src=\"https:\/\/linitiative.ca\/International\/wp-content\/uploads\/sites\/23\/2021\/09\/Akhanouch-1.png\" class=\"attachment-post-thumbnail size-post-thumbnail wp-post-image\" alt=\"\" loading=\"lazy\" srcset=\"https:\/\/linitiative.ca\/International\/wp-content\/uploads\/sites\/23\/2021\/09\/Akhanouch-1.png 999w, https:\/\/www.challenge.ma\/wp-content\/uploads\/2021\/09\/Akhanouch-1-300x189.png 300w, https:\/\/www.challenge.ma\/wp-content\/uploads\/2021\/09\/Akhanouch-1-768x484.png 768w, https:\/\/www.challenge.ma\/wp-content\/uploads\/2021\/09\/Akhanouch-1-360x227.png 360w, https:\/\/www.challenge.ma\/wp-content\/uploads\/2021\/09\/Akhanouch-1-750x472.png 750w\" sizes=\"auto, (max-width: 999px) 100vw, 999px\" itemprop=\"image\">Suite \u00e0 sa nomination comme nouveau Chef du gouvernement, Aziz Akhannouch, pr\u00e9sident du\u00a0Rassemblement national des ind\u00e9pendants (RNI), parti ayant remport\u00e9 les \u00e9lections du 8 septembre, annonce son retrait de la gestion des affaires familiales et priv\u00e9es. Aziz Akhannouch se retire de la gestion du business familial et priv\u00e9. \u00ab Suite<\/div>\n<p>Auteur: challenge<br \/>\n<a href=\"https:\/\/www.challenge.ma\/aziz-akhannouch-annonce-son-retrait-total-du-business-familial-et-prive-220712\/\">Cliquez ici pour lire l&rsquo;article depuis sa source.<\/a><\/p>\n","protected":false},"excerpt":{"rendered":"<p>Suite \u00e0 sa nomination comme nouveau Chef du gouvernement, Aziz Akhannouch, pr\u00e9sident du\u00a0Rassemblement national des ind\u00e9pendants (RNI), parti ayant remport\u00e9 les \u00e9lections du 8 septembre, annonce son retrait de la gestion des affaires familiales et priv\u00e9es. Aziz Akhannouch se retire de la gestion du business familial et priv\u00e9. \u00ab Suite Auteur: challenge Cliquez ici pour [&hellip;]<\/p>\n","protected":false},"author":1787,"featured_media":0,"comment_status":"closed","ping_status":"closed","sticky":false,"template":"","format":"standard","meta":{"fifu_image_url":"https:\/\/www.challenge.ma\/wp-content\/uploads\/2021\/09\/Akhanouch-1.png","fifu_image_alt":"Aziz Akhannouch annonce son retrait total du business familial et priv\u00e9","footnotes":""},"categories":[78,54],"tags":[],"class_list":["post-126944","post","type-post","status-publish","format-standard","hentry","category-economie","category-maroc"],"_links":{"self":[{"href":"https:\/\/linitiative.ca\/International\/wp-json\/wp\/v2\/posts\/126944","targetHints":{"allow":["GET"]}}],"collection":[{"href":"https:\/\/linitiative.ca\/International\/wp-json\/wp\/v2\/posts"}],"about":[{"href":"https:\/\/linitiative.ca\/International\/wp-json\/wp\/v2\/types\/post"}],"author":[{"embeddable":true,"href":"https:\/\/linitiative.ca\/International\/wp-json\/wp\/v2\/users\/1787"}],"replies":[{"embeddable":true,"href":"https:\/\/linitiative.ca\/International\/wp-json\/wp\/v2\/comments?post=126944"}],"version-history":[{"count":0,"href":"https:\/\/linitiative.ca\/International\/wp-json\/wp\/v2\/posts\/126944\/revisions"}],"wp:attachment":[{"href":"https:\/\/linitiative.ca\/International\/wp-json\/wp\/v2\/media?parent=126944"}],"wp:term":[{"taxonomy":"category","embeddable":true,"href":"https:\/\/linitiative.ca\/International\/wp-json\/wp\/v2\/categories?post=126944"},{"taxonomy":"post_tag","embeddable":true,"href":"https:\/\/linitiative.ca\/International\/wp-json\/wp\/v2\/tags?post=126944"}],"curies":[{"name":"wp","href":"https:\/\/api.w.org\/{rel}","templated":true}]}}