{"id":126952,"date":"2021-09-13T17:04:13","date_gmt":"2021-09-13T21:04:13","guid":{"rendered":"https:\/\/linitiative.ca\/International\/laila-mamou-nommee-directrice-generale-deleguee-de-sofinco\/"},"modified":"2021-09-13T17:04:13","modified_gmt":"2021-09-13T21:04:13","slug":"laila-mamou-nommee-directrice-generale-deleguee-de-sofinco","status":"publish","type":"post","link":"https:\/\/linitiative.ca\/International\/laila-mamou-nommee-directrice-generale-deleguee-de-sofinco\/","title":{"rendered":"Laila Mamou nomm\u00e9e Directrice g\u00e9n\u00e9rale d\u00e9l\u00e9gu\u00e9e de Sofinco"},"content":{"rendered":"<div><img decoding=\"async\" width=\"408\" height=\"360\" src=\"https:\/\/linitiative.ca\/International\/wp-content\/uploads\/sites\/23\/2021\/09\/Laila-Mamou.jpg\" class=\"attachment-post-thumbnail size-post-thumbnail wp-post-image\" alt=\"\" loading=\"lazy\" srcset=\"https:\/\/linitiative.ca\/International\/wp-content\/uploads\/sites\/23\/2021\/09\/Laila-Mamou.jpg 408w, https:\/\/www.challenge.ma\/wp-content\/uploads\/2016\/03\/Laila-Mamou-300x265.jpg 300w, https:\/\/www.challenge.ma\/wp-content\/uploads\/2016\/03\/Laila-Mamou-360x318.jpg 360w\" sizes=\"auto, (max-width: 408px) 100vw, 408px\" itemprop=\"image\">L\u2019ex-Pr\u00e9sidente du Directoire de Wafasalaf, Laila Mamou, poursuit son ascension professionnelle au sein du groupe fran\u00e7ais Cr\u00e9dit Agricole. Elle vient ainsi d\u2019\u00eatre nomm\u00e9e Directrice g\u00e9n\u00e9rale d\u00e9l\u00e9gu\u00e9e de Sofinco, dont elle supervise l\u2019ensemble des activit\u00e9s ex\u00e9cutives et op\u00e9rationnelles. On apprend qu\u2019\u00e0 cet \u00e9gard, elle est membre du Comit\u00e9 ex\u00e9cutif du groupe<\/div>\n<p>Auteur: challenge<br \/>\n<a href=\"https:\/\/www.challenge.ma\/laila-mamou-nommee-directrice-generale-deleguee-de-sofinco-220805\/\">Cliquez ici pour lire l&rsquo;article depuis sa source.<\/a><\/p>\n","protected":false},"excerpt":{"rendered":"<p>L\u2019ex-Pr\u00e9sidente du Directoire de Wafasalaf, Laila Mamou, poursuit son ascension professionnelle au sein du groupe fran\u00e7ais Cr\u00e9dit Agricole. Elle vient ainsi d\u2019\u00eatre nomm\u00e9e Directrice g\u00e9n\u00e9rale d\u00e9l\u00e9gu\u00e9e de Sofinco, dont elle supervise l\u2019ensemble des activit\u00e9s ex\u00e9cutives et op\u00e9rationnelles. On apprend qu\u2019\u00e0 cet \u00e9gard, elle est membre du Comit\u00e9 ex\u00e9cutif du groupe Auteur: challenge Cliquez ici pour [&hellip;]<\/p>\n","protected":false},"author":1787,"featured_media":0,"comment_status":"closed","ping_status":"closed","sticky":false,"template":"","format":"standard","meta":{"fifu_image_url":"https:\/\/www.challenge.ma\/wp-content\/uploads\/2016\/03\/Laila-Mamou.jpg","fifu_image_alt":"Laila Mamou nomm\u00e9e Directrice g\u00e9n\u00e9rale d\u00e9l\u00e9gu\u00e9e de Sofinco","footnotes":""},"categories":[78,54],"tags":[],"class_list":["post-126952","post","type-post","status-publish","format-standard","hentry","category-economie","category-maroc"],"_links":{"self":[{"href":"https:\/\/linitiative.ca\/International\/wp-json\/wp\/v2\/posts\/126952","targetHints":{"allow":["GET"]}}],"collection":[{"href":"https:\/\/linitiative.ca\/International\/wp-json\/wp\/v2\/posts"}],"about":[{"href":"https:\/\/linitiative.ca\/International\/wp-json\/wp\/v2\/types\/post"}],"author":[{"embeddable":true,"href":"https:\/\/linitiative.ca\/International\/wp-json\/wp\/v2\/users\/1787"}],"replies":[{"embeddable":true,"href":"https:\/\/linitiative.ca\/International\/wp-json\/wp\/v2\/comments?post=126952"}],"version-history":[{"count":0,"href":"https:\/\/linitiative.ca\/International\/wp-json\/wp\/v2\/posts\/126952\/revisions"}],"wp:attachment":[{"href":"https:\/\/linitiative.ca\/International\/wp-json\/wp\/v2\/media?parent=126952"}],"wp:term":[{"taxonomy":"category","embeddable":true,"href":"https:\/\/linitiative.ca\/International\/wp-json\/wp\/v2\/categories?post=126952"},{"taxonomy":"post_tag","embeddable":true,"href":"https:\/\/linitiative.ca\/International\/wp-json\/wp\/v2\/tags?post=126952"}],"curies":[{"name":"wp","href":"https:\/\/api.w.org\/{rel}","templated":true}]}}