{"id":126956,"date":"2021-09-13T16:15:01","date_gmt":"2021-09-13T20:15:01","guid":{"rendered":"https:\/\/linitiative.ca\/International\/tunisie-le-bouclage-des-frontieres-avec-la-libye-finira-par-causer-un-enorme-tort\/"},"modified":"2021-09-13T16:15:01","modified_gmt":"2021-09-13T20:15:01","slug":"tunisie-le-bouclage-des-frontieres-avec-la-libye-finira-par-causer-un-enorme-tort","status":"publish","type":"post","link":"https:\/\/linitiative.ca\/International\/tunisie-le-bouclage-des-frontieres-avec-la-libye-finira-par-causer-un-enorme-tort\/","title":{"rendered":"Tunisie \u2013 Le bouclage des fronti\u00e8res avec la Libye finira par causer un \u00e9norme tort !"},"content":{"rendered":"<div>\n<p>Les fronti\u00e8res tunisiennes, avec la Libye, sont boucl\u00e9es, depuis plusieurs semaines. L\u2019Etat, en Tunisie a \u00e9voqu\u00e9 des raisons sanitaires \u00e0 cette d\u00e9cision, alors que tout le monde, des deux c\u00f4t\u00e9s des fronti\u00e8res, sait qu\u2019il n\u2019en est rien. Tout le monde sait, en effet que des informations faisant \u00e9tat de la pr\u00e9sence d\u2019une centaine d\u2019\u00e9l\u00e9ments terroristes [\u2026]<\/p>\n<p>L\u2019article <a href=\"https:\/\/www.tunisienumerique.com\/tunisie-le-bouclage-des-frontieres-avec-la-libye-finira-par-causer-un-enorme-tort\/\">Tunisie \u2013 Le bouclage des fronti\u00e8res avec la Libye finira par causer un \u00e9norme tort !<\/a> est apparu en premier sur <a href=\"https:\/\/www.tunisienumerique.com\/\">Tunisie<\/a>.<\/p>\n<\/div>\n<p>Auteur: Ramsis<br \/>\n<a href=\"https:\/\/www.tunisienumerique.com\/tunisie-le-bouclage-des-frontieres-avec-la-libye-finira-par-causer-un-enorme-tort\/\">Cliquez ici pour lire l&rsquo;article depuis sa source.<\/a><\/p>\n","protected":false},"excerpt":{"rendered":"<p>Les fronti\u00e8res tunisiennes, avec la Libye, sont boucl\u00e9es, depuis plusieurs semaines. L\u2019Etat, en Tunisie a \u00e9voqu\u00e9 des raisons sanitaires \u00e0 cette d\u00e9cision, alors que tout le monde, des deux c\u00f4t\u00e9s des fronti\u00e8res, sait qu\u2019il n\u2019en est rien. Tout le monde sait, en effet que des informations faisant \u00e9tat de la pr\u00e9sence d\u2019une centaine d\u2019\u00e9l\u00e9ments terroristes [&hellip;]<\/p>\n","protected":false},"author":1789,"featured_media":0,"comment_status":"closed","ping_status":"closed","sticky":false,"template":"","format":"standard","meta":{"fifu_image_url":"","fifu_image_alt":"","footnotes":""},"categories":[73,55],"tags":[],"class_list":["post-126956","post","type-post","status-publish","format-standard","hentry","category-actualite","category-tunisie"],"_links":{"self":[{"href":"https:\/\/linitiative.ca\/International\/wp-json\/wp\/v2\/posts\/126956","targetHints":{"allow":["GET"]}}],"collection":[{"href":"https:\/\/linitiative.ca\/International\/wp-json\/wp\/v2\/posts"}],"about":[{"href":"https:\/\/linitiative.ca\/International\/wp-json\/wp\/v2\/types\/post"}],"author":[{"embeddable":true,"href":"https:\/\/linitiative.ca\/International\/wp-json\/wp\/v2\/users\/1789"}],"replies":[{"embeddable":true,"href":"https:\/\/linitiative.ca\/International\/wp-json\/wp\/v2\/comments?post=126956"}],"version-history":[{"count":0,"href":"https:\/\/linitiative.ca\/International\/wp-json\/wp\/v2\/posts\/126956\/revisions"}],"wp:attachment":[{"href":"https:\/\/linitiative.ca\/International\/wp-json\/wp\/v2\/media?parent=126956"}],"wp:term":[{"taxonomy":"category","embeddable":true,"href":"https:\/\/linitiative.ca\/International\/wp-json\/wp\/v2\/categories?post=126956"},{"taxonomy":"post_tag","embeddable":true,"href":"https:\/\/linitiative.ca\/International\/wp-json\/wp\/v2\/tags?post=126956"}],"curies":[{"name":"wp","href":"https:\/\/api.w.org\/{rel}","templated":true}]}}