{"id":126958,"date":"2021-09-13T17:03:23","date_gmt":"2021-09-13T21:03:23","guid":{"rendered":"https:\/\/linitiative.ca\/International\/tunisie-video-joseph-borell-connaissait-il-davance-la-position-de-kais-saied\/"},"modified":"2021-09-13T17:03:23","modified_gmt":"2021-09-13T21:03:23","slug":"tunisie-video-joseph-borell-connaissait-il-davance-la-position-de-kais-saied","status":"publish","type":"post","link":"https:\/\/linitiative.ca\/International\/tunisie-video-joseph-borell-connaissait-il-davance-la-position-de-kais-saied\/","title":{"rendered":"Tunisie \u2013 VIDEO\u00a0: Joseph Borell connaissait-il d\u2019avance la position de Ka\u00efs Sa\u00efed\u00a0?"},"content":{"rendered":"<div>\n<p>Le haut repr\u00e9sentant aux affaires \u00e9trang\u00e8res et aux politiques s\u00e9curitaires de l\u2019UE, Joseph Borel, qui \u00e9tait en visite, il y a quelques jours, en Tunisie, pour rencontrer le pr\u00e9sident tunisien, Ka\u00efs Sa\u00efed. Borell a d\u00e9clar\u00e9, dans un point de presse \u00e0 l\u2019issue de son entretien avec Sa\u00efed qu\u2019il \u00e9tait venu \u00ab transmettre au Pr\u00e9sident\u00a0les appr\u00e9hensions [\u2026]<\/p>\n<p>L\u2019article <a href=\"https:\/\/www.tunisienumerique.com\/tunisie-video-joseph-borell-connaissait-il-davance-la-position-de-kais-saied\/\">Tunisie \u2013 VIDEO\u00a0: Joseph Borell connaissait-il d\u2019avance la position de Ka\u00efs Sa\u00efed\u00a0?<\/a> est apparu en premier sur <a href=\"https:\/\/www.tunisienumerique.com\/\">Tunisie<\/a>.<\/p>\n<\/div>\n<p>Auteur: Saber .<br \/>\n<a href=\"https:\/\/www.tunisienumerique.com\/tunisie-video-joseph-borell-connaissait-il-davance-la-position-de-kais-saied\/\">Cliquez ici pour lire l&rsquo;article depuis sa source.<\/a><\/p>\n","protected":false},"excerpt":{"rendered":"<p>Le haut repr\u00e9sentant aux affaires \u00e9trang\u00e8res et aux politiques s\u00e9curitaires de l\u2019UE, Joseph Borel, qui \u00e9tait en visite, il y a quelques jours, en Tunisie, pour rencontrer le pr\u00e9sident tunisien, Ka\u00efs Sa\u00efed. Borell a d\u00e9clar\u00e9, dans un point de presse \u00e0 l\u2019issue de son entretien avec Sa\u00efed qu\u2019il \u00e9tait venu \u00ab transmettre au Pr\u00e9sident\u00a0les appr\u00e9hensions [&hellip;]<\/p>\n","protected":false},"author":1789,"featured_media":0,"comment_status":"closed","ping_status":"closed","sticky":false,"template":"","format":"standard","meta":{"fifu_image_url":"","fifu_image_alt":"","footnotes":""},"categories":[73,55],"tags":[],"class_list":["post-126958","post","type-post","status-publish","format-standard","hentry","category-actualite","category-tunisie"],"_links":{"self":[{"href":"https:\/\/linitiative.ca\/International\/wp-json\/wp\/v2\/posts\/126958","targetHints":{"allow":["GET"]}}],"collection":[{"href":"https:\/\/linitiative.ca\/International\/wp-json\/wp\/v2\/posts"}],"about":[{"href":"https:\/\/linitiative.ca\/International\/wp-json\/wp\/v2\/types\/post"}],"author":[{"embeddable":true,"href":"https:\/\/linitiative.ca\/International\/wp-json\/wp\/v2\/users\/1789"}],"replies":[{"embeddable":true,"href":"https:\/\/linitiative.ca\/International\/wp-json\/wp\/v2\/comments?post=126958"}],"version-history":[{"count":0,"href":"https:\/\/linitiative.ca\/International\/wp-json\/wp\/v2\/posts\/126958\/revisions"}],"wp:attachment":[{"href":"https:\/\/linitiative.ca\/International\/wp-json\/wp\/v2\/media?parent=126958"}],"wp:term":[{"taxonomy":"category","embeddable":true,"href":"https:\/\/linitiative.ca\/International\/wp-json\/wp\/v2\/categories?post=126958"},{"taxonomy":"post_tag","embeddable":true,"href":"https:\/\/linitiative.ca\/International\/wp-json\/wp\/v2\/tags?post=126958"}],"curies":[{"name":"wp","href":"https:\/\/api.w.org\/{rel}","templated":true}]}}