{"id":126960,"date":"2021-09-13T17:21:34","date_gmt":"2021-09-13T21:21:34","guid":{"rendered":"https:\/\/linitiative.ca\/International\/realisation-dinfrastructures-scolaires-sur-fonds-propres-le-village-de-kampaoga-donne-lexemple\/"},"modified":"2021-09-13T17:21:34","modified_gmt":"2021-09-13T21:21:34","slug":"realisation-dinfrastructures-scolaires-sur-fonds-propres-le-village-de-kampaoga-donne-lexemple","status":"publish","type":"post","link":"https:\/\/linitiative.ca\/International\/realisation-dinfrastructures-scolaires-sur-fonds-propres-le-village-de-kampaoga-donne-lexemple\/","title":{"rendered":"R\u00e9alisation d\u2019infrastructures scolaires sur fonds propres : Le village de Kampaoga donne l\u2019exemple"},"content":{"rendered":"<div>\n<p><strong>Dans la perspective de l\u2019ouverture d\u2019une classe de seconde \u00e0 compter de la rentr\u00e9e scolaire 2021-2022, la population de Kampoaga s\u2019est engag\u00e9e \u00e0 construire un b\u00e2timent de 2 salles de classe qui seront enti\u00e8rement \u00e9quip\u00e9es sur fonds propres, \u00e0 hauteur de 14 millions F CFA.<\/strong><\/p>\n<p>L\u2019id\u00e9e est de la population avec en t\u00eate le chef de canton de Kampoaga et Tengsoaba du royaume de Tenkodogo, Naaba Yemd\u00e9 et du soutien de leurs partenaires de construire en 2009 \u00e0 Kampoaga, le premier Coll\u00e8ge d\u2019enseignement g\u00e9n\u00e9ral (CEG) de la localit\u00e9, sur un domaine de 5 ha. C\u2019est ce qui a amen\u00e9 la population \u00e0 s\u2019investir pour obtenir l\u2019autorisation de construire le CEG et sa r\u00e9alisation. D\u00e9marr\u00e9 avec deux classes, le CEG en compte actuellement huit, enti\u00e8rement r\u00e9alis\u00e9es par la population malgr\u00e9 les conditions \u00e9conomiques difficiles.<\/p>\n<p>Le chef de canton de Kampoaga a pr\u00e9cis\u00e9 qu\u2019apr\u00e8s l\u2019admission \u00e0 leurs diff\u00e9rents examens, (CEP, entr\u00e9e en 6e et BEPC), les enfants sont oblig\u00e9s d\u2019aller \u00e0 Tenkodogo, chef-lieu de la commune \u00e0 17 km du village pour poursuivre leur cursus scolaire. Vu les conditions de vie difficile, ajout\u00e9e aux difficult\u00e9s de trouver des tuteurs, beaucoup d\u2019\u00e9l\u00e8ves \u00e9taient oblig\u00e9s d\u2019abandonner leurs \u00e9tudes. C\u2019est ainsi que la demande d\u2019ouverture de la classe de seconde \u00e0 compter de cette rentr\u00e9e scolaire 2021-2022, a \u00e9t\u00e9 accord\u00e9e par l\u2019Etat dans le cadre de l\u2019\u00e9rection du CEG en lyc\u00e9e.<\/p>\n<p>La construction du nouveau b\u00e2timent de deux classes, enti\u00e8rement \u00e9quip\u00e9es sur fonds propres du village, estim\u00e9e \u00e0 pr\u00e8s de 14 millions F CFA va porter le nombre de classes de 8 \u00e0 10. Une organisation est mise en place \u00e0 cet effet depuis janvier 2021 pour la collecte des fonds. Sur la base du nombre de la population qui est d\u2019environ 10\u00a0000 \u00e2mes et les m\u00e9nages estim\u00e9s \u00e0 2000, une cotisation de 5000 F CFA par m\u00e9nage est demand\u00e9e. Les fonctionnaires du village qui exercent dans diff\u00e9rentes administrations publiques et priv\u00e9es estim\u00e9s \u00e0 60, devront contribuer pour chacun \u00e0 hauteur de 20\u00a0000 F CFA. La diaspora a aussi \u00e9t\u00e9 contact\u00e9e et sa contribution est attendue.<\/p>\n<p>Naaba Yemd\u00e9 a dit compter sur le patriotisme et l\u2019engagement des fils et filles du village qui n\u2019est pas sa premi\u00e8re r\u00e9alisation au profit de l\u2019\u00e9ducation. Il a affirm\u00e9 que les relations cordiales, empreintes de compr\u00e9hension entre les fils et filles contribuent \u00e0 la r\u00e9alisation d\u2019infrastructures au profit des communaut\u00e9s. A l\u2019entendre, le CEG manque du personnel enseignant, ajout\u00e9 aux contraintes financi\u00e8res. Il a dit attendre du minist\u00e8re de l\u2019\u00c9ducation nationale, de l\u2019Alphab\u00e9tisation et de la Promotion des langues nationales (MENAPLN), qu\u2019il pourvoie suffisamment l\u2019\u00e9tablissement en professeurs.<\/p>\n<h3>Le secret de l\u2019exp\u00e9rience r\u00e9ussie de la mobilisation<\/h3>\n<figure id=\"attachment_39456\" aria-describedby=\"caption-attachment-39456\" style=\"width: 300px\" class=\"wp-caption alignleft\"><img decoding=\"async\" loading=\"lazy\" class=\"size-medium wp-image-39456\" src=\"https:\/\/linitiative.ca\/International\/wp-content\/uploads\/sites\/23\/2021\/09\/village2-300x235-1.gif\" alt=\"\" width=\"300\" height=\"235\" srcset=\"https:\/\/linitiative.ca\/International\/wp-content\/uploads\/sites\/23\/2021\/09\/village2-300x235-1.gif 300w, https:\/\/www.sidwaya.info\/wp-content\/uploads\/2021\/09\/village2-768x602.gif 768w, https:\/\/www.sidwaya.info\/wp-content\/uploads\/2021\/09\/village2-150x118.gif 150w, https:\/\/www.sidwaya.info\/wp-content\/uploads\/2021\/09\/village2-696x546.gif 696w, https:\/\/www.sidwaya.info\/wp-content\/uploads\/2021\/09\/village2-536x420.gif 536w\" sizes=\"auto, (max-width: 300px) 100vw, 300px\"><figcaption id=\"caption-attachment-39456\" class=\"wp-caption-text\">\u00ab Dans une communaut\u00e9, il faut instaurer une bonne organisation impliquant tous les acteurs \u00bb, a d\u00e9clar\u00e9 Naaba Yemd\u00e9.<\/figcaption><\/figure>\n<p>\u00abA chaque fois que nous parlons de notre exp\u00e9rience \u00e0 Kampoaga, nous recevons des f\u00e9licitations. On nous demande notre secret et souhaite que notre exp\u00e9rience soit partag\u00e9e\u2026\u00bb, a confi\u00e9 le 1er adjoint au maire de Tenkodogo, Ousmane Bangr\u00e9. Pour le chef de Kampoaga, l\u2019Etat seul ne peut pas tout faire. Dans une communaut\u00e9, il faut instaurer une bonne organisation impliquant tous les acteurs, sensibiliser la population \u00e0 compter d\u2019abord sur ses propres forces et \u00e0 comprendre le bien-fond\u00e9 des actions de d\u00e9veloppement, a-t-il affirm\u00e9.<\/p>\n<p>\u00ab Toutes les salles de classe du CEG sont construites et \u00e9quip\u00e9es sur fonds propres du village et de ses partenaires ; nous attendons toujours la promesse de l\u2019Etat qui nous a accompagn\u00e9s avec l\u2019affectation des professeurs. En tant que ressortissants, c\u2019est un devoir pour nous d\u2019accompagner ce projet \u00bb, a indiqu\u00e9 Ousmane Bangr\u00e9. Cependant, la principale difficult\u00e9 \u00e0 son avis, est l\u2019insuffisance de ressources financi\u00e8res. \u00ab Par moment, on rel\u00e2che pour que les gens soufflent. Ce qui fait que le rythme des r\u00e9alisations des activit\u00e9s n\u2019est pas constant \u00bb, a-t-il conclu.<\/p>\n<p style=\"text-align: right\"><strong>Bougnan NAON<\/strong><\/p>\n<p style=\"text-align: right\">naon_2012@yahoo.fr<\/p>\n<p>L\u2019article <a rel=\"nofollow\" href=\"https:\/\/www.sidwaya.info\/blog\/2021\/09\/13\/realisation-dinfrastructures-scolaires-sur-fonds-propres-le-village-de-kampaoga-donne-lexemple\/\">R\u00e9alisation d\u2019infrastructures scolaires sur fonds propres : Le village de Kampaoga donne l\u2019exemple<\/a> est apparu en premier sur <a rel=\"nofollow\" href=\"https:\/\/www.sidwaya.info\/\">Quotidien Sidwaya<\/a>.<\/p>\n<\/div>\n<p>Auteur: JK. Sidwaya<br \/>\n<a href=\"https:\/\/www.sidwaya.info\/blog\/2021\/09\/13\/realisation-dinfrastructures-scolaires-sur-fonds-propres-le-village-de-kampaoga-donne-lexemple\/\">Cliquez ici pour lire l&rsquo;article depuis sa source.<\/a><\/p>\n","protected":false},"excerpt":{"rendered":"<p>Dans la perspective de l\u2019ouverture d\u2019une classe de seconde \u00e0 compter de la rentr\u00e9e scolaire 2021-2022, la population de Kampoaga s\u2019est engag\u00e9e \u00e0 construire un b\u00e2timent de 2 salles de classe qui seront enti\u00e8rement \u00e9quip\u00e9es sur fonds propres, \u00e0 hauteur de 14 millions F CFA. L\u2019id\u00e9e est de la population avec en t\u00eate le chef [&hellip;]<\/p>\n","protected":false},"author":1816,"featured_media":0,"comment_status":"closed","ping_status":"closed","sticky":false,"template":"","format":"standard","meta":{"fifu_image_url":"https:\/\/www.sidwaya.info\/wp-content\/uploads\/2021\/09\/village2-300x235.gif","fifu_image_alt":"R\u00e9alisation d\u2019infrastructures scolaires sur fonds propres : Le village de Kampaoga donne l\u2019exemple","footnotes":""},"categories":[73,81],"tags":[],"class_list":["post-126960","post","type-post","status-publish","format-standard","hentry","category-actualite","category-burkina-faso"],"_links":{"self":[{"href":"https:\/\/linitiative.ca\/International\/wp-json\/wp\/v2\/posts\/126960","targetHints":{"allow":["GET"]}}],"collection":[{"href":"https:\/\/linitiative.ca\/International\/wp-json\/wp\/v2\/posts"}],"about":[{"href":"https:\/\/linitiative.ca\/International\/wp-json\/wp\/v2\/types\/post"}],"author":[{"embeddable":true,"href":"https:\/\/linitiative.ca\/International\/wp-json\/wp\/v2\/users\/1816"}],"replies":[{"embeddable":true,"href":"https:\/\/linitiative.ca\/International\/wp-json\/wp\/v2\/comments?post=126960"}],"version-history":[{"count":0,"href":"https:\/\/linitiative.ca\/International\/wp-json\/wp\/v2\/posts\/126960\/revisions"}],"wp:attachment":[{"href":"https:\/\/linitiative.ca\/International\/wp-json\/wp\/v2\/media?parent=126960"}],"wp:term":[{"taxonomy":"category","embeddable":true,"href":"https:\/\/linitiative.ca\/International\/wp-json\/wp\/v2\/categories?post=126960"},{"taxonomy":"post_tag","embeddable":true,"href":"https:\/\/linitiative.ca\/International\/wp-json\/wp\/v2\/tags?post=126960"}],"curies":[{"name":"wp","href":"https:\/\/api.w.org\/{rel}","templated":true}]}}