{"id":126964,"date":"2021-09-13T17:39:08","date_gmt":"2021-09-13T21:39:08","guid":{"rendered":"https:\/\/linitiative.ca\/International\/ixe-journees-a-faibles-emissions-de-carbone-les-burkinabe-incites-au-transport-en-commun\/"},"modified":"2021-09-13T17:39:08","modified_gmt":"2021-09-13T21:39:08","slug":"ixe-journees-a-faibles-emissions-de-carbone-les-burkinabe-incites-au-transport-en-commun","status":"publish","type":"post","link":"https:\/\/linitiative.ca\/International\/ixe-journees-a-faibles-emissions-de-carbone-les-burkinabe-incites-au-transport-en-commun\/","title":{"rendered":"IXe Journ\u00e9es \u00e0 faibles \u00e9missions de carbone : Les Burkinab\u00e8 incit\u00e9s au transport  en commun"},"content":{"rendered":"<div>\n<p><strong>Le minist\u00e8re de l\u2019Environnement, de l\u2019Economie verte et du Changement climatique, organise les IXes Journ\u00e9es \u00e0 faibles \u00e9missions de carbone (JFEC), du 13 au 18 septembre 2021, \u00e0 Ouagadougou.<\/strong><\/p>\n<p>Les Ouagalais ont \u00e9t\u00e9 t\u00e9moins, le lundi 13 septembre 2021, au Rond-point de la Patte-d\u2019oie, \u00e0 Ouagadougou, du lancement des Journ\u00e9es \u00e0 faibles \u00e9missions de carbone (JFEC) qui se poursuivent jusqu\u2019au 18 septembre 2021. C\u2019est le ministre de l\u2019Environnement, de l\u2019Economie verte et du Changement climatique, Sim\u00e9on Sawadogo, qui a officiellement lanc\u00e9 ces IXes JFEC sous le th\u00e8me : \u00abTransports durables : facteurs de r\u00e9duction des polluants atmosph\u00e9riques \u00bb. Il \u00e9tait en compagnie de son homologue des Transports, de la Mobilit\u00e9 urbaine et de la S\u00e9curit\u00e9 routi\u00e8re, Vincent Timbindi Dabilgou (repr\u00e9sentant des parrains de la c\u00e9r\u00e9monie), des Partenaires techniques et financiers (PTF), des responsables de la mairie de la capitale burkinab\u00e8, etc.<\/p>\n<p>Le ministre Sawadogo, par ailleurs, pr\u00e9sident de la c\u00e9r\u00e9monie de lancement des JFEC 2021, a attir\u00e9 l\u2019attention des Burkinab\u00e8 sur l\u2019urgence et la n\u00e9cessit\u00e9 de r\u00e9duire les Gaz \u00e0 effet de serre (GES) et les polluants atmosph\u00e9riques. Ce, a-t-il expliqu\u00e9, pour venir \u00e0 bout des maladies de peau, cardiovasculaires, oculaires, etc. que peuvent engendrer ces \u00e9missions. \u00ab Je me f\u00e9licite de la pr\u00e9sence de grands acteurs qui vont, sans doute, travailler \u00e0 sensibiliser de fa\u00e7on accrue les populations pour la r\u00e9duction des polluants atmosph\u00e9riques et des Gaz \u00e0 effet de serre issus des v\u00e9hicules, des motos, des r\u00e9frig\u00e9rateurs\u2026 \u00bb, a-t-il d\u00e9clar\u00e9.<\/p>\n<p>Concernant les r\u00e9frig\u00e9rateurs, il a appel\u00e9 les usagers \u00e0 v\u00e9rifier leur gaz au Bureau national Ozone gratuitement pour \u00e9viter les pathologies et voire des incendies qui peuvent en d\u00e9couler. Le ministre en charge des transports, Vincent T. Dabilgou a cit\u00e9 l\u2019exemple du Ghana o\u00f9 un v\u00e9hicule de plus de dix ans est mis hors de circulation.<\/p>\n<h3>Des acteurs mis \u00e0 contribution<\/h3>\n<p>Le ministre en charge de l\u2019environnement a invit\u00e9 la presse, la Police nationale et municipale, la Gendarmerie, les services des Eaux et for\u00eats et les transporteurs \u00e0 \u0153uvrer pour la r\u00e9duction des GES et des polluants atmosph\u00e9riques.<\/p>\n<figure id=\"attachment_39464\" aria-describedby=\"caption-attachment-39464\" style=\"width: 300px\" class=\"wp-caption alignleft\"><img decoding=\"async\" loading=\"lazy\" class=\"size-medium wp-image-39464\" src=\"https:\/\/linitiative.ca\/International\/wp-content\/uploads\/sites\/23\/2021\/09\/carbone1-300x205-1.gif\" alt=\"\" width=\"300\" height=\"205\" srcset=\"https:\/\/linitiative.ca\/International\/wp-content\/uploads\/sites\/23\/2021\/09\/carbone1-300x205-1.gif 300w, https:\/\/www.sidwaya.info\/wp-content\/uploads\/2021\/09\/carbone1-150x103.gif 150w, https:\/\/www.sidwaya.info\/wp-content\/uploads\/2021\/09\/carbone1-218x150.gif 218w\" sizes=\"auto, (max-width: 300px) 100vw, 300px\"><figcaption id=\"caption-attachment-39464\" class=\"wp-caption-text\">Les ministres en charge de l\u2019environnement, Sim\u00e9on Sawadogo (droite), et des transports, Vincent Timbindi Dabilgou, ont emprunt\u00e9 un bus SOTRACO pour donner l\u2019exemple.<\/figcaption><\/figure>\n<p>Le ministre Vincent T. Dabilgou a, pour sa part, d\u00e9plor\u00e9 le fait que des v\u00e9hicules de \u00ab seconde main \u00bb compl\u00e8tement usag\u00e9s aient des cartes grises d\u00e9livr\u00e9es par son d\u00e9partement. Mais, a-t-il assur\u00e9, son minist\u00e8re travaillera dans le sens de la r\u00e9sorption de ce probl\u00e8me. En tant que \u00ab repr\u00e9sentant des pollueurs \u00bb via des motos qui \u00abfument \u00bb et l\u2019aviation civile ayant \u00e9galement sa part de responsabilit\u00e9 dans la pollution atmosph\u00e9rique, ces JFEC sont un moment pour lui de faire son mea culpa.<\/p>\n<p>A son avis, il faut cr\u00e9er des chaines de valeurs pour l\u2019environnement dans l\u2019optique de pr\u00e9server la vie des \u00eatres vivants. \u00ab Il faut \u00e9galement r\u00e9duire l\u2019\u00e2ge des v\u00e9hicules \u00bb, a insist\u00e9 le ministre en charge des transports. Dans la dynamique d\u2019am\u00e9liorer la mobilit\u00e9 urbaine dans la ville de Ouagadougou et de participer \u00e0 y r\u00e9duire les \u00e9missions de carbone, il a rappel\u00e9 l\u2019octroi bient\u00f4t \u00e0 la Soci\u00e9t\u00e9 de transport en commun de Ouagadougou (SOTRACO), de 300 bus respectueux des normes environnementales. Il a, en outre, annonc\u00e9 un projet d\u2019octroi de bus \u00e0 la ville de Bobo-Dioulasso et la construction de voies durables pour les bus afin de fluidifier la circulation, de gagner en temps et de respecter l\u2019environnement.<\/p>\n<p>Le ministre Dabilgou a, en sus, rappel\u00e9 l\u2019exemple de la Chine qui utilise, de nos jours, des v\u00e9hicules hydrog\u00e8nes et la C\u00f4te d\u2019Ivoire qui amorce son envol vers les bus \u00e9lectriques favorables \u00e0 l\u2019environnement et au cadre de vie urbain. Le Directeur de cabinet (dircab) du maire de Ouagadougou, Martial Rigobert Tiendr\u00e9b\u00e9ogo, a salu\u00e9 le choix port\u00e9 sur la commune capitale pour abriter les JFEC 2021. Il a relev\u00e9 que ces \u00ab initiatives nationales d\u2019am\u00e9lioration du cadre de vie \u00bb viennent r\u00e9pondre aux probl\u00e8mes pos\u00e9s par le d\u00e9veloppement \u00ab fulgurant \u00bb du secteur des transports au Burkina Faso marqu\u00e9 par une forte concentration des engins \u00e0 deux, trois et quatre roues dans la capitale.<\/p>\n<p>Le dircab du maire a d\u00e9peint l\u2019augmentation de la population de Ouagadougou ces 15 derni\u00e8res ann\u00e9es (1 200 000 habitants en 2004 \u00e0 plus de 3 000 000 d\u2019habitants en 2021), caract\u00e9ris\u00e9e par l\u2019intensit\u00e9 du trafic intra-urbain, l\u2019accroissement du parc automobile, la pr\u00e9sence \u00abforte \u00bb des tricycles dans la capitale, etc. Selon lui, il faut de fa\u00e7on indispensable, des transports durables (d\u00e9placements \u00e0 pieds et \u00e0 v\u00e9lo pour des petites courses, adh\u00e9sion au transport en commun) et des engins moins polluants. Le Directeur g\u00e9n\u00e9ral (DG) de la pr\u00e9servation de l\u2019environnement, D\u00e9sir\u00e9 Ou\u00e9draogo, a inform\u00e9 de la tenue d\u2019un cross, des animations de plateau t\u00e9l\u00e9, des panels, etc., lors de la c\u00e9l\u00e9bration des JFEC 2021.<\/p>\n<p>Quant au repr\u00e9sentant des PTF, Lassan\u00e9 Ou\u00e9draogo, il a ajout\u00e9 que la croissance d\u00e9mographique est g\u00e9nitrice de probl\u00e8mes urbains sur les plans sanitaire et environnemental \u00e0 l\u2019image du changement climatique. Il a rassur\u00e9 que le secteur priv\u00e9 va jouer son r\u00f4le d\u2019interpellateur des citoyens sur la question. A l\u2019issue du lancement des JFEC 2021, des conducteurs d\u2019engins ont subi un contr\u00f4le pour jauger la qualit\u00e9 de leurs montures.<\/p>\n<p style=\"text-align: right\"><strong>Boukary BONKOUNGOU<\/strong><\/p>\n<p style=\"text-align: right\"><strong> Justine MONNE<\/strong> (Stagiaire)<\/p>\n<p>L\u2019article <a rel=\"nofollow\" href=\"https:\/\/www.sidwaya.info\/blog\/2021\/09\/13\/ixe-journees-a-faibles-emissions-de-carbone-les-burkinabe-incites-au-transport-en-commun\/\">IXe Journ\u00e9es \u00e0 faibles \u00e9missions de carbone : Les Burkinab\u00e8 incit\u00e9s au transport  en commun<\/a> est apparu en premier sur <a rel=\"nofollow\" href=\"https:\/\/www.sidwaya.info\/\">Quotidien Sidwaya<\/a>.<\/p>\n<\/div>\n<p>Auteur: JK. Sidwaya<br \/>\n<a href=\"https:\/\/www.sidwaya.info\/blog\/2021\/09\/13\/ixe-journees-a-faibles-emissions-de-carbone-les-burkinabe-incites-au-transport-en-commun\/\">Cliquez ici pour lire l&rsquo;article depuis sa source.<\/a><\/p>\n","protected":false},"excerpt":{"rendered":"<p>Le minist\u00e8re de l\u2019Environnement, de l\u2019Economie verte et du Changement climatique, organise les IXes Journ\u00e9es \u00e0 faibles \u00e9missions de carbone (JFEC), du 13 au 18 septembre 2021, \u00e0 Ouagadougou. Les Ouagalais ont \u00e9t\u00e9 t\u00e9moins, le lundi 13 septembre 2021, au Rond-point de la Patte-d\u2019oie, \u00e0 Ouagadougou, du lancement des Journ\u00e9es \u00e0 faibles \u00e9missions de carbone [&hellip;]<\/p>\n","protected":false},"author":1816,"featured_media":0,"comment_status":"closed","ping_status":"closed","sticky":false,"template":"","format":"standard","meta":{"fifu_image_url":"https:\/\/www.sidwaya.info\/wp-content\/uploads\/2021\/09\/carbone1-300x205.gif","fifu_image_alt":"IXe Journ\u00e9es \u00e0 faibles \u00e9missions de carbone : Les Burkinab\u00e8 incit\u00e9s au transport  en commun","footnotes":""},"categories":[73,81],"tags":[],"class_list":["post-126964","post","type-post","status-publish","format-standard","hentry","category-actualite","category-burkina-faso"],"_links":{"self":[{"href":"https:\/\/linitiative.ca\/International\/wp-json\/wp\/v2\/posts\/126964","targetHints":{"allow":["GET"]}}],"collection":[{"href":"https:\/\/linitiative.ca\/International\/wp-json\/wp\/v2\/posts"}],"about":[{"href":"https:\/\/linitiative.ca\/International\/wp-json\/wp\/v2\/types\/post"}],"author":[{"embeddable":true,"href":"https:\/\/linitiative.ca\/International\/wp-json\/wp\/v2\/users\/1816"}],"replies":[{"embeddable":true,"href":"https:\/\/linitiative.ca\/International\/wp-json\/wp\/v2\/comments?post=126964"}],"version-history":[{"count":0,"href":"https:\/\/linitiative.ca\/International\/wp-json\/wp\/v2\/posts\/126964\/revisions"}],"wp:attachment":[{"href":"https:\/\/linitiative.ca\/International\/wp-json\/wp\/v2\/media?parent=126964"}],"wp:term":[{"taxonomy":"category","embeddable":true,"href":"https:\/\/linitiative.ca\/International\/wp-json\/wp\/v2\/categories?post=126964"},{"taxonomy":"post_tag","embeddable":true,"href":"https:\/\/linitiative.ca\/International\/wp-json\/wp\/v2\/tags?post=126964"}],"curies":[{"name":"wp","href":"https:\/\/api.w.org\/{rel}","templated":true}]}}