{"id":126966,"date":"2021-09-13T17:43:32","date_gmt":"2021-09-13T21:43:32","guid":{"rendered":"https:\/\/linitiative.ca\/International\/mali-incertitude-sur-le-delai-de-la-transition\/"},"modified":"2021-09-13T17:43:32","modified_gmt":"2021-09-13T21:43:32","slug":"mali-incertitude-sur-le-delai-de-la-transition","status":"publish","type":"post","link":"https:\/\/linitiative.ca\/International\/mali-incertitude-sur-le-delai-de-la-transition\/","title":{"rendered":"Mali : incertitude sur le d\u00e9lai de la transition"},"content":{"rendered":"<div>\n<p>Les autorit\u00e9s de la Transition malienne pourront-elles respecter le calendrier \u00e9lectoral pr\u00e9vu la fin f\u00e9vrier 2022 ? Les derniers d\u00e9veloppements de l\u2019actualit\u00e9 au bord du fleuve Djoliba laissent entrevoir un report sine die de la tenue des \u00e9lections. Lors de sa rencontre avec les diplomates \u00e9trangers accr\u00e9dit\u00e9s \u00e0 Bamako, le Premier ministre, Choguel Ma\u00efga, a clairement laiss\u00e9 entendre que les \u00e9lections n\u2019\u00e9taient pas \u00ab une priorit\u00e9 \u00bb.<\/p>\n<p>\u00ab Il ne faut pas une transition b\u00e2cl\u00e9e \u00bb, a-t-il dit en substance. La priorit\u00e9 du gouvernement semble d\u00e9sormais porter sur l\u2019organisation des assises nationales. Des rencontres au cours desquelles toutes les composantes sociales maliennes prendront la parole pour panser les maux qui \u00e9treignent le pays.<\/p>\n<p>Selon l\u2019argumentaire du chef du gouvernement, c\u2019est l\u2019issue des assises nationales qui d\u00e9cidera de la date des \u00e9lections. En clair, l\u2019on s\u2019achemine vers une prorogation de la dur\u00e9e de la transition. L\u2019assurance que les nouvelles autorit\u00e9s avaient donn\u00e9e lors du coup de force de mai dernier quant au strict respect du calendrier \u00e9lectoral est en train d\u2019\u00eatre remise en cause au fur et \u00e0 mesure que l\u2019on s\u2019approche de la date du scrutin.<\/p>\n<p>Le processus \u00e9lectoral dont aucune activit\u00e9 n\u2019a encore \u00e9t\u00e9 lanc\u00e9e jusque-l\u00e0 prouve \u00e9galement, \u00e0 souhait, la volont\u00e9 des autorit\u00e9s de la Transition d\u2019aller au-del\u00e0 du d\u00e9lai prescrit. Toutefois, il reste \u00e0 convaincre l\u2019ensemble de la classe politique de la n\u00e9cessit\u00e9 du report des \u00e9lections.<\/p>\n<p>Des leaders de partis politiques ont d\u00e9j\u00e0 exprim\u00e9 leur d\u00e9sapprobation quant au non-respect du calendrier \u00e9lectoral. Dans la m\u00eame veine, ils annoncent boycotter les assises que le gouvernement entend imp\u00e9rativement organiser. A l\u2019allure o\u00f9 vont les choses, le Mali court le risque de s\u2019enliser dans une crise pr\u00e9judiciable au retour de l\u2019ordre constitutionnel dans un d\u00e9lai raisonnable.<\/p>\n<p>Si le gouvernement est dans la logique de proroger la dur\u00e9e de la transition, il faudra n\u00e9cessairement obtenir le compromis consensuel avec toute la classe politique. Combien de temps cela va-t-il prendre d\u2019autant plus que chacun voudra vaille que vaille d\u00e9fendre ses int\u00e9r\u00eats. C\u2019est donc des lendemains faits d\u2019incertitudes, conjugu\u00e9s \u00e0 l\u2019appareil judiciaire qui est en train de solder les comptes du r\u00e9gime d\u00e9chu d\u2019Ibrahim Boubacar Keita, qui se profilent \u00e0 l\u2019horizon.<\/p>\n<p>Ce qui est en train de se tramer aujourd\u2019hui au Mali occulte la priorit\u00e9 des priorit\u00e9s qu\u2019est le p\u00e9ril s\u00e9curitaire en grande partie \u00e0 l\u2019origine de cette instabilit\u00e9 institutionnelle. Les calculs politiques sont en train de faire ombrage aux vrais d\u00e9fis du Mali. Ce serait une illusion pour les autorit\u00e9s de la transition de pr\u00e9tendre r\u00e9gler tous les probl\u00e8mes du Mali avant de s\u2019inscrire dans la dynamique de l\u2019organisation des \u00e9lections. C\u2019est plut\u00f4t \u00e0 l\u2019aune du retour \u00e0 l\u2019ordre constitutionnel, avec des autorit\u00e9s issues des urnes, que la perspective d\u2019une recherche participative et inclusive de solutions aux maux du pays pourrait v\u00e9ritablement s\u2019amorcer.<\/p>\n<p>Ce n\u2019est pas en man\u0153uvrant pour repousser le d\u00e9lai de la transition que le Mali s\u2019en sortira exempt des difficult\u00e9s. C\u2019est plut\u00f4t la volont\u00e9 et le sens du patriotisme qui permettront \u00e0 ses leaders politiques de s\u2019\u00e9lever au-dessus des int\u00e9r\u00eats partisans et des ambitions d\u00e9mesur\u00e9es pour sauver le pays. Comme l\u2019a si bien dit Dwight Eisenhower \u00ab l\u2019int\u00e9grit\u00e9 est la qualit\u00e9 supr\u00eame du leadership \u00bb. Un leadership assum\u00e9 au service de l\u2019int\u00e9r\u00eat de tous devrait s\u2019\u00e9lever au-dessus des petits calculs de politiciens.<\/p>\n<p style=\"text-align: right\"><strong>Karim BADOLO<\/strong><\/p>\n<p>L\u2019article <a rel=\"nofollow\" href=\"https:\/\/www.sidwaya.info\/blog\/2021\/09\/13\/mali-incertitude-sur-le-delai-de-la-transition\/\">Mali : incertitude sur le d\u00e9lai de la transition<\/a> est apparu en premier sur <a rel=\"nofollow\" href=\"https:\/\/www.sidwaya.info\/\">Quotidien Sidwaya<\/a>.<\/p>\n<\/div>\n<p>Auteur: JK. Sidwaya<br \/>\n<a href=\"https:\/\/www.sidwaya.info\/blog\/2021\/09\/13\/mali-incertitude-sur-le-delai-de-la-transition\/\">Cliquez ici pour lire l&rsquo;article depuis sa source.<\/a><\/p>\n","protected":false},"excerpt":{"rendered":"<p>Les autorit\u00e9s de la Transition malienne pourront-elles respecter le calendrier \u00e9lectoral pr\u00e9vu la fin f\u00e9vrier 2022 ? Les derniers d\u00e9veloppements de l\u2019actualit\u00e9 au bord du fleuve Djoliba laissent entrevoir un report sine die de la tenue des \u00e9lections. Lors de sa rencontre avec les diplomates \u00e9trangers accr\u00e9dit\u00e9s \u00e0 Bamako, le Premier ministre, Choguel Ma\u00efga, a [&hellip;]<\/p>\n","protected":false},"author":1816,"featured_media":0,"comment_status":"closed","ping_status":"closed","sticky":false,"template":"","format":"standard","meta":{"fifu_image_url":"","fifu_image_alt":"","footnotes":""},"categories":[73,81],"tags":[],"class_list":["post-126966","post","type-post","status-publish","format-standard","hentry","category-actualite","category-burkina-faso"],"_links":{"self":[{"href":"https:\/\/linitiative.ca\/International\/wp-json\/wp\/v2\/posts\/126966","targetHints":{"allow":["GET"]}}],"collection":[{"href":"https:\/\/linitiative.ca\/International\/wp-json\/wp\/v2\/posts"}],"about":[{"href":"https:\/\/linitiative.ca\/International\/wp-json\/wp\/v2\/types\/post"}],"author":[{"embeddable":true,"href":"https:\/\/linitiative.ca\/International\/wp-json\/wp\/v2\/users\/1816"}],"replies":[{"embeddable":true,"href":"https:\/\/linitiative.ca\/International\/wp-json\/wp\/v2\/comments?post=126966"}],"version-history":[{"count":0,"href":"https:\/\/linitiative.ca\/International\/wp-json\/wp\/v2\/posts\/126966\/revisions"}],"wp:attachment":[{"href":"https:\/\/linitiative.ca\/International\/wp-json\/wp\/v2\/media?parent=126966"}],"wp:term":[{"taxonomy":"category","embeddable":true,"href":"https:\/\/linitiative.ca\/International\/wp-json\/wp\/v2\/categories?post=126966"},{"taxonomy":"post_tag","embeddable":true,"href":"https:\/\/linitiative.ca\/International\/wp-json\/wp\/v2\/tags?post=126966"}],"curies":[{"name":"wp","href":"https:\/\/api.w.org\/{rel}","templated":true}]}}