{"id":126967,"date":"2021-09-13T11:18:02","date_gmt":"2021-09-13T15:18:02","guid":{"rendered":"https:\/\/linitiative.ca\/International\/nigeria-des-assaillants-liberent-plusieurs-detenus\/"},"modified":"2021-09-13T11:18:02","modified_gmt":"2021-09-13T15:18:02","slug":"nigeria-des-assaillants-liberent-plusieurs-detenus","status":"publish","type":"post","link":"https:\/\/linitiative.ca\/International\/nigeria-des-assaillants-liberent-plusieurs-detenus\/","title":{"rendered":"Nigeria : des assaillants lib\u00e8rent plusieurs d\u00e9tenus"},"content":{"rendered":"<div>\n<p><img loading=\"lazy\" decoding=\"async\" width=\"250\" height=\"200\" src=\"https:\/\/linitiative.ca\/International\/wp-content\/uploads\/sites\/23\/2021\/09\/16315462824718.jpg\" class=\"attachment-post-thumbnail size-post-thumbnail wp-post-image\" alt=\"\"><\/p>\n<p>Au total, 240 prisonniers de la Medium Prison de Kabba, dans l&rsquo;Etat de Kogi (centre-nord du Nigeria), se sont \u00e9chapp\u00e9s, lorsque des inconnus arm\u00e9s ont attaqu\u00e9 ce centre p\u00e9nitentiaire.Le porte-parole de l&rsquo;administration p\u00e9nitentiaire nig\u00e9riane, Francis Enobore, a pr\u00e9cis\u00e9 que l&rsquo;attaque a eu lieu hier dimanche vers minuit. Selon lui, de nombreux assaillants lourdement arm\u00e9s, sont arriv\u00e9s \u00e0 la prison et s&rsquo;en sont pris aux gardes dans une violente fusillade avant que les prisonniers ne s&rsquo;\u00e9chappent.<\/p>\n<p>Il a r\u00e9v\u00e9l\u00e9 que le contr\u00f4leur g\u00e9n\u00e9ral du service correctionnel nig\u00e9rian, Haliru Nababa, a ordonn\u00e9 l&rsquo;activation imm\u00e9diate d&rsquo;une proc\u00e9dure de recapture et le lancement d&rsquo;enqu\u00eates d\u00e9taill\u00e9es sur cette attaque.<\/p>\n<p>La prison de Kabba a \u00e9t\u00e9 cr\u00e9\u00e9e en 2008 et peut accueillir 200 d\u00e9tenus. Des attaques similaires avaient \u00e9t\u00e9 men\u00e9es dans deux prisons des Etats d&rsquo;Imo et d&rsquo;Edo et plus de 1.840 d\u00e9tenus s&rsquo;\u00e9taient alors \u00e9chapp\u00e9s.<\/p>\n<p>Cet article <a rel=\"nofollow\" href=\"https:\/\/www.journalducameroun.com\/nigeria-des-assaillants-liberent-plusieurs-detenus\/\">Nigeria : des assaillants lib\u00e8rent plusieurs d\u00e9tenus<\/a> est apparu en premier sur <a rel=\"nofollow\" href=\"https:\/\/www.journalducameroun.com\/\">Journal du Cameroun<\/a>.<\/p>\n<\/div>\n<p>Auteur: APA News<br \/>\n<a href=\"https:\/\/www.journalducameroun.com\/nigeria-des-assaillants-liberent-plusieurs-detenus\/\">Cliquez ici pour lire l&rsquo;article depuis sa source.<\/a><\/p>\n","protected":false},"excerpt":{"rendered":"<p>Au total, 240 prisonniers de la Medium Prison de Kabba, dans l&rsquo;Etat de Kogi (centre-nord du Nigeria), se sont \u00e9chapp\u00e9s, lorsque des inconnus arm\u00e9s ont attaqu\u00e9 ce centre p\u00e9nitentiaire.Le porte-parole de l&rsquo;administration p\u00e9nitentiaire nig\u00e9riane, Francis Enobore, a pr\u00e9cis\u00e9 que l&rsquo;attaque a eu lieu hier dimanche vers minuit. Selon lui, de nombreux assaillants lourdement arm\u00e9s, sont [&hellip;]<\/p>\n","protected":false},"author":1965,"featured_media":0,"comment_status":"closed","ping_status":"closed","sticky":false,"template":"","format":"standard","meta":{"fifu_image_url":"https:\/\/www.journalducameroun.com\/wp-content\/uploads\/2021\/09\/16315462824718.jpg","fifu_image_alt":"Nigeria : des assaillants lib\u00e8rent plusieurs d\u00e9tenus","footnotes":""},"categories":[73,82],"tags":[],"class_list":["post-126967","post","type-post","status-publish","format-standard","hentry","category-actualite","category-cameroun"],"_links":{"self":[{"href":"https:\/\/linitiative.ca\/International\/wp-json\/wp\/v2\/posts\/126967","targetHints":{"allow":["GET"]}}],"collection":[{"href":"https:\/\/linitiative.ca\/International\/wp-json\/wp\/v2\/posts"}],"about":[{"href":"https:\/\/linitiative.ca\/International\/wp-json\/wp\/v2\/types\/post"}],"author":[{"embeddable":true,"href":"https:\/\/linitiative.ca\/International\/wp-json\/wp\/v2\/users\/1965"}],"replies":[{"embeddable":true,"href":"https:\/\/linitiative.ca\/International\/wp-json\/wp\/v2\/comments?post=126967"}],"version-history":[{"count":0,"href":"https:\/\/linitiative.ca\/International\/wp-json\/wp\/v2\/posts\/126967\/revisions"}],"wp:attachment":[{"href":"https:\/\/linitiative.ca\/International\/wp-json\/wp\/v2\/media?parent=126967"}],"wp:term":[{"taxonomy":"category","embeddable":true,"href":"https:\/\/linitiative.ca\/International\/wp-json\/wp\/v2\/categories?post=126967"},{"taxonomy":"post_tag","embeddable":true,"href":"https:\/\/linitiative.ca\/International\/wp-json\/wp\/v2\/tags?post=126967"}],"curies":[{"name":"wp","href":"https:\/\/api.w.org\/{rel}","templated":true}]}}