{"id":126971,"date":"2021-09-13T13:41:14","date_gmt":"2021-09-13T17:41:14","guid":{"rendered":"https:\/\/linitiative.ca\/International\/union-des-populations-du-cameroun-les-dissensions-persistent-malgre-le-congres\/"},"modified":"2021-09-13T13:41:14","modified_gmt":"2021-09-13T17:41:14","slug":"union-des-populations-du-cameroun-les-dissensions-persistent-malgre-le-congres","status":"publish","type":"post","link":"https:\/\/linitiative.ca\/International\/union-des-populations-du-cameroun-les-dissensions-persistent-malgre-le-congres\/","title":{"rendered":"Union des populations du Cameroun : les dissensions persistent, malgr\u00e9 le congr\u00e8s"},"content":{"rendered":"<div>\n<p><img loading=\"lazy\" decoding=\"async\" width=\"800\" height=\"457\" src=\"https:\/\/linitiative.ca\/International\/wp-content\/uploads\/sites\/23\/2021\/09\/upc_congres_15122016_otri_1213_ns_700_cameroon-info-p-net_800xm9x.jpg\" class=\"attachment-post-thumbnail size-post-thumbnail wp-post-image\" alt=\"\" srcset=\"https:\/\/linitiative.ca\/International\/wp-content\/uploads\/sites\/23\/2021\/09\/upc_congres_15122016_otri_1213_ns_700_cameroon-info-p-net_800xm9x.jpg 800w, https:\/\/www.journalducameroun.com\/wp-content\/uploads\/2017\/06\/upc_congres_15122016_otri_1213_ns_700_cameroon-info-p-net_800xm9x-300x171.jpg 300w, https:\/\/www.journalducameroun.com\/wp-content\/uploads\/2017\/06\/upc_congres_15122016_otri_1213_ns_700_cameroon-info-p-net_800xm9x-768x439.jpg 768w, https:\/\/www.journalducameroun.com\/wp-content\/uploads\/2017\/06\/upc_congres_15122016_otri_1213_ns_700_cameroon-info-p-net_800xm9x-600x343.jpg 600w, https:\/\/www.journalducameroun.com\/wp-content\/uploads\/2017\/06\/upc_congres_15122016_otri_1213_ns_700_cameroon-info-p-net_800xm9x-160x90.jpg 160w, https:\/\/www.journalducameroun.com\/wp-content\/uploads\/2017\/06\/upc_congres_15122016_otri_1213_ns_700_cameroon-info-p-net_800xm9x-770x440.jpg 770w, https:\/\/www.journalducameroun.com\/wp-content\/uploads\/2017\/06\/upc_congres_15122016_otri_1213_ns_700_cameroon-info-p-net_800xm9x-350x200.jpg 350w\" sizes=\"auto, (max-width: 800px) 100vw, 800px\"><\/p>\n<h5 style=\"text-align: justify;\"><b>En d\u00e9pit des dissensions qui persistent, la rencontre du week-end a port\u00e9 Fran\u00e7ois Zagning \u00e0 la t\u00eate du Bureau du Comit\u00e9 directeur, pendant que Pierre Bateguel Nkot reste secr\u00e9taire g\u00e9n\u00e9ral du parti.<\/b><\/h5>\n<p style=\"text-align: justify;\">\n<p style=\"text-align: justify;\">\n<p style=\"font-weight: 400; text-align: justify;\">L\u2019Union des populations du Cameroun (UPC) a pos\u00e9 les bases de sa refondation avec la tenue du 8<sup>\u00e8me<\/sup>\u00a0congr\u00e8s ordinaire du parti. L\u2019\u00e9v\u00e8nement a ressembl\u00e9 au Palais des congr\u00e8s de Yaound\u00e9, pr\u00e8s de\u00a0 600 d\u00e9l\u00e9gu\u00e9s venus des dix r\u00e9gions du pays. Lanc\u00e9s samedi 11 septembre vers midi, les travaux se sont poursuivis toute la nuit, pour ne s\u2019achever que dimanche matin. L\u2019information est de Cameroon tribune.<\/p>\n<p style=\"font-weight: 400; text-align: justify;\">Finalement, les congressistes ont choisi leurs nouveaux dirigeants.<strong> Fran\u00e7ois Zogning<\/strong> remplace <strong>Habiba Issa<\/strong> \u00e0 la t\u00eate du bureau du Comit\u00e9 directeur et <strong>Pierre Baleguel Nkot<\/strong> va conduire le secr\u00e9tariat g\u00e9n\u00e9ral. Le congr\u00e8s a \u00e9galement consacr\u00e9 des modifications dans l\u2019organisation et le fonctionnement du parti. Ce dernier compte ainsi \u00ab\u00a0<em>structure administrative, une structure op\u00e9rationnelle (constitu\u00e9e de dix coordonnateurs r\u00e9gionaux charg\u00e9s du d\u00e9veloppement du parti dans leurs r\u00e9gions) et une structure th\u00e9matique, d\u00e9di\u00e9e \u00e0 la d\u00e9centralisation\u00a0<\/em>\u00bb, explique le secr\u00e9taire g\u00e9n\u00e9ral.<\/p>\n<p style=\"font-weight: 400; text-align: justify;\">Les textes ont \u00e9t\u00e9 aussi l\u00e9g\u00e8rement touch\u00e9s pour assurer une meilleure coordination des activit\u00e9s. D\u2019apr\u00e8s Pierre Baleguel Nkot, \u00ab\u00a0le premier amendement porte sur le nombre de membres du bureau du comit\u00e9 directeur qui passe de 11 \u00e0 38. Le deuxi\u00e8me est relatif \u00e0 la pr\u00e9cision des missions de chaque dirigeant. On a souvent eu un probl\u00e8me de bic\u00e9phalisme entre les secr\u00e9taires g\u00e9n\u00e9raux et les pr\u00e9sidents\u00a0\u00bb.<\/p>\n<p style=\"font-weight: 400; text-align: justify;\">Le congr\u00e8s de l\u2019<strong>UPC<\/strong> a connu la pr\u00e9sence de <strong>Christophe Mien Zok<\/strong>, mandat\u00e9 par le secr\u00e9taire g\u00e9n\u00e9ral du \u00a0Comit\u00e9 central du Rassemblement d\u00e9mocratique du peuple camerounais, comme observateur. Pr\u00e9sence remarqu\u00e9e \u00e9galement du sous-pr\u00e9fet de l\u2019arrondissement de Yaound\u00e9 II <strong>Mamadi Mahamat<\/strong>. Lequel a signifi\u00e9 une fin de non-recevoir le 10 septembre \u00e0 <strong>Robert Bapooh Lipot<\/strong>, qui avait introduit un recours gracieux pr\u00e9alable en annulation de l\u2019autorisation de la tenue de cet \u00e9v\u00e8nement.<\/p>\n<p style=\"font-weight: 400; text-align: justify;\">Jusqu\u2019\u00e0 la derni\u00e8re minute en effet, une partie des cadres du parti, parmi lesquels Habiba Issa, est intervenue pour que le Congr\u00e8s n\u2019ait pas lieu. Sans succ\u00e8s. Les nouveaux dirigeants de l\u2019UPC se disent n\u00e9anmoins conscients que des divisions persistent en interne et qu\u2019il faut y rem\u00e9dier. Seulement, \u00ab\u00a0<em>on ne peut pas emp\u00eacher un si vieux parti qui a beaucoup de courants, d\u2019avoir des d\u00e9saccords. Mais nous disons que ces courants doivent servir le parti et non des individus<\/em>\u00a0\u00bb, dixit <strong>Fran\u00e7ois Zogning<\/strong>.<\/p>\n<p>Cet article <a rel=\"nofollow\" href=\"https:\/\/www.journalducameroun.com\/union-des-populations-du-cameroun-les-dissensions-persistent-malgre-le-congres-cameroun\/\">Union des populations du Cameroun : les dissensions persistent, malgr\u00e9 le congr\u00e8s<\/a> est apparu en premier sur <a rel=\"nofollow\" href=\"https:\/\/www.journalducameroun.com\/\">Journal du Cameroun<\/a>.<\/p>\n<\/div>\n<p>Auteur: Christian DJIMADEU<br \/>\n<a href=\"https:\/\/www.journalducameroun.com\/union-des-populations-du-cameroun-les-dissensions-persistent-malgre-le-congres-cameroun\/\">Cliquez ici pour lire l&rsquo;article depuis sa source.<\/a><\/p>\n","protected":false},"excerpt":{"rendered":"<p>En d\u00e9pit des dissensions qui persistent, la rencontre du week-end a port\u00e9 Fran\u00e7ois Zagning \u00e0 la t\u00eate du Bureau du Comit\u00e9 directeur, pendant que Pierre Bateguel Nkot reste secr\u00e9taire g\u00e9n\u00e9ral du parti. L\u2019Union des populations du Cameroun (UPC) a pos\u00e9 les bases de sa refondation avec la tenue du 8\u00e8me\u00a0congr\u00e8s ordinaire du parti. L\u2019\u00e9v\u00e8nement a [&hellip;]<\/p>\n","protected":false},"author":1965,"featured_media":0,"comment_status":"closed","ping_status":"closed","sticky":false,"template":"","format":"standard","meta":{"fifu_image_url":"https:\/\/www.journalducameroun.com\/wp-content\/uploads\/2017\/06\/upc_congres_15122016_otri_1213_ns_700_cameroon-info-p-net_800xm9x.jpg","fifu_image_alt":"Union des populations du Cameroun : les dissensions persistent, malgr\u00e9 le congr\u00e8s","footnotes":""},"categories":[73,82],"tags":[],"class_list":["post-126971","post","type-post","status-publish","format-standard","hentry","category-actualite","category-cameroun"],"_links":{"self":[{"href":"https:\/\/linitiative.ca\/International\/wp-json\/wp\/v2\/posts\/126971","targetHints":{"allow":["GET"]}}],"collection":[{"href":"https:\/\/linitiative.ca\/International\/wp-json\/wp\/v2\/posts"}],"about":[{"href":"https:\/\/linitiative.ca\/International\/wp-json\/wp\/v2\/types\/post"}],"author":[{"embeddable":true,"href":"https:\/\/linitiative.ca\/International\/wp-json\/wp\/v2\/users\/1965"}],"replies":[{"embeddable":true,"href":"https:\/\/linitiative.ca\/International\/wp-json\/wp\/v2\/comments?post=126971"}],"version-history":[{"count":0,"href":"https:\/\/linitiative.ca\/International\/wp-json\/wp\/v2\/posts\/126971\/revisions"}],"wp:attachment":[{"href":"https:\/\/linitiative.ca\/International\/wp-json\/wp\/v2\/media?parent=126971"}],"wp:term":[{"taxonomy":"category","embeddable":true,"href":"https:\/\/linitiative.ca\/International\/wp-json\/wp\/v2\/categories?post=126971"},{"taxonomy":"post_tag","embeddable":true,"href":"https:\/\/linitiative.ca\/International\/wp-json\/wp\/v2\/tags?post=126971"}],"curies":[{"name":"wp","href":"https:\/\/api.w.org\/{rel}","templated":true}]}}