{"id":126973,"date":"2021-09-13T14:18:02","date_gmt":"2021-09-13T18:18:02","guid":{"rendered":"https:\/\/linitiative.ca\/International\/media-ivoirien-le-ministere-de-la-femme-veut-instaurer-un-prix-sur-le-genre\/"},"modified":"2021-09-13T14:18:02","modified_gmt":"2021-09-13T18:18:02","slug":"media-ivoirien-le-ministere-de-la-femme-veut-instaurer-un-prix-sur-le-genre","status":"publish","type":"post","link":"https:\/\/linitiative.ca\/International\/media-ivoirien-le-ministere-de-la-femme-veut-instaurer-un-prix-sur-le-genre\/","title":{"rendered":"M\u00e9dia ivoirien: le minist\u00e8re de la Femme veut instaurer un prix sur le genre"},"content":{"rendered":"<div>\n<p><img loading=\"lazy\" decoding=\"async\" width=\"800\" height=\"533\" src=\"https:\/\/linitiative.ca\/International\/wp-content\/uploads\/sites\/23\/2021\/09\/16315570824946.jpg\" class=\"attachment-post-thumbnail size-post-thumbnail wp-post-image\" alt=\"\" srcset=\"https:\/\/linitiative.ca\/International\/wp-content\/uploads\/sites\/23\/2021\/09\/16315570824946.jpg 800w, https:\/\/www.journalducameroun.com\/wp-content\/uploads\/2021\/09\/16315570824946-300x200.jpg 300w, https:\/\/www.journalducameroun.com\/wp-content\/uploads\/2021\/09\/16315570824946-768x512.jpg 768w, https:\/\/www.journalducameroun.com\/wp-content\/uploads\/2021\/09\/16315570824946-660x440.jpg 660w, https:\/\/www.journalducameroun.com\/wp-content\/uploads\/2021\/09\/16315570824946-600x400.jpg 600w\" sizes=\"auto, (max-width: 800px) 100vw, 800px\"><\/p>\n<p>Le minist\u00e8re ivoirien de la Femme, de la famille et de l&rsquo;enfant envisage d&rsquo;instaurer un prix sur le genre dans le secteur des m\u00e9dias afin d&rsquo;encourager les productions sur le genre, a annonc\u00e9 lundi Mme Cissoko \u00e9pouse Sylla Haliath, inspecteur technique dudit minist\u00e8re.<\/p>\n<p>Mme Cissoko \u00e9pouse Sylla Haliath, s&rsquo;exprimait \u00e0 l&rsquo;ouverture d&rsquo;un atelier de formation des journalistes autour du th\u00e8me \u00ab \u00a0Le journalisme au prisme du genre : enjeux et perspectives \u00bb. Elle repr\u00e9sentait la ministre de la Femme, de la famille et de l&rsquo;enfant, Mme Nass\u00e9n\u00e9ba Tour\u00e9.<\/p>\n<p>\u00ab Le concept genre est l&rsquo;une des choses mal connues ou, mal interpr\u00e9t\u00e9es, mais suffisamment un sujet \u00e0 pol\u00e9mique ; pourtant, il demeure l&rsquo;un des concepts les plus inclusifs pour permettre \u00e0 chacun selon son niveau de participer ou d&rsquo;\u00eatre int\u00e9gr\u00e9 dans le d\u00e9veloppement \u00bb, a dit Mme Cissoko Haliath.\u00a0<\/p>\n<p>\u00ab C&rsquo;est pourquoi, le minist\u00e8re de la Femme, de la famille et de l&rsquo;enfant, au regard de ses missions, tient \u00e0 la formation des journalistes (\u2026). Elle aboutira \u00e0 un ensemble d&rsquo;activit\u00e9s, notamment la signature de partenariats avec vos diff\u00e9rentes structures et l&rsquo;instauration d&rsquo;un prix \u00bb, a ajout\u00e9 Mme Cissoko.<\/p>\n<p>L&rsquo;atelier de formation qui a regroup\u00e9 des femmes journalistes et aussi des hommes de m\u00e9dias, est organis\u00e9 par le minist\u00e8re ivoirien de la Femme, de la famille et de l&rsquo;enfant avec la collaboration de l&rsquo;Association des femmes journalistes de C\u00f4te d&rsquo;Ivoire (AFJCI).<\/p>\n<p>Selon Marylise Aim\u00e9e Konan, pr\u00e9sidente de l&rsquo;Association des femmes journalistes de C\u00f4te d&rsquo;Ivoire (AFJCI), organisation regroupant pr\u00e8s de 250 femmes, cet atelier qui a lieu du 13 au 14 septembre 2021 \u00e0 la Maison de la presse \u00e0 Abidjan, vise \u00e0 outiller les journalistes sur les questions li\u00e9es au genre.<\/p>\n<p>La pr\u00e9sidente de l&rsquo;AFJCI estime que le journaliste est un \u00e9veilleur des consciences, et c&rsquo;est celui qui \u00e9duque de par ses productions. De ce fait, le journaliste devrait \u00eatre form\u00e9 avant d&rsquo;informer, et \u00e9tant le c\u0153ur de la soci\u00e9t\u00e9, celui qui le touche, touche le c\u0153ur de la soci\u00e9t\u00e9.\u00a0<\/p>\n<p>La formation a \u00e9t\u00e9 assur\u00e9e par Mme Florence Tanoh, directrice charg\u00e9e du genre et de l&rsquo;\u00e9galit\u00e9 au minist\u00e8re de la Femme, de la famille et de l&rsquo;enfant. Cet atelier, dira-t-elle, vise \u00e0 donner aux journalistes des \u00e9l\u00e9ments de travail au plan scientifique pour qu&rsquo;ils puissent conna\u00eetre le concept genre.<\/p>\n<p>Mme Florence Tanoh a expliqu\u00e9 que le genre est un concept scientifique, un construit social au regard des r\u00f4les que la soci\u00e9t\u00e9 fait jouer aux hommes et aux femmes, faisant observer qu&rsquo;il prend sa source des droits humains.<\/p>\n<p>La notion du genre, poursuivra-telle, \u00ab doit \u00eatre associ\u00e9 aux r\u00f4les sociaux que nous jouons\u00bb, car elle prend en compte les besoins sexosp\u00e9cifiques, tant chez la femme que chez l&rsquo;homme. Et ce, \u00ab de fa\u00e7on \u00e9galitaire \u00bb. \u00a0 \u00a0\u00a0<\/p>\n<p>Ce concept scientifique est apparu en 1955 chez les sexologues et les psychologues. En 1970, les sociologues s&rsquo;int\u00e9ressent \u00e0 la question, et notent que l&rsquo;\u00e9galit\u00e9 recherch\u00e9e est d\u00e9licate, car les femmes sont ancr\u00e9es dans des aspects domestiques, alors que les hommes ont des r\u00f4les de d\u00e9cision.\u00a0<\/p>\n<p>En C\u00f4te d&rsquo;Ivoire, c&rsquo;est en 1975 que sera cr\u00e9\u00e9 le minist\u00e8re de la Femme, dirig\u00e9 par Mme Jeanne Gervais n\u00e9e Jeanne Ahou Siefer-N&rsquo;Dri, 15 ans apr\u00e8s l&rsquo;ind\u00e9pendance de la C\u00f4te d&rsquo;Ivoire, sous l&rsquo;\u00e8re de feu F\u00e9lix Houphou\u00ebt-Boigny. \u00a0<\/p>\n<p>\u00ab Les hommes et les femmes peuvent participer de fa\u00e7on \u00e9galitaire au d\u00e9veloppement de notre pays pour que nous sortions des chemins discriminatoires \u00bb, a d\u00e9clar\u00e9 Mme Tanoh, exhortant les femmes \u00e0 plus de leadership.<\/p>\n<p>Quand une femme s&rsquo;engage dans une cause et qu&rsquo;elle se demande qu&rsquo;est-ce que je gagne, elle se positionne au niveau du b\u00e9n\u00e9fice, fait remarquer Mme Florence Tanoh, qui mentionne que si elle s&rsquo;y investit \u00e0 l&rsquo;id\u00e9e que ce qu&rsquo;elle apporte comme changement, les femmes changeront la donne. \u00a0<\/p>\n<p>Le pr\u00e9sident de l&rsquo;Union des journalistes de C\u00f4te d&rsquo;Ivoire (Unjci), Jean-Claude Coulibaly, a not\u00e9 que \u00ab la masculinit\u00e9 est fortement marqu\u00e9e au niveau de la communaut\u00e9 des journalistes \u00bb, o\u00f9 \u00ab sur 10 dix journalistes, on a \u00e0 peine une femme \u00bb.<\/p>\n<p>\u00ab Je pr\u00e9side un Conseil ex\u00e9cutif qui a une repr\u00e9sentation f\u00e9minine de 30%. Sur les 24 membres, il y a au moins 8 femmes \u00bb, souligne M. Coulibaly, attestant que sa secr\u00e9taire g\u00e9n\u00e9rale est une femme, la premi\u00e8re \u00e0 occuper ce poste dans l&rsquo;histoire de cette fa\u00eeti\u00e8re des journalistes.\u00a0<\/p>\n<p>Aujourd&rsquo;hui, des efforts sont faits pour une plus grande participation des femmes dans les instances de d\u00e9cisions. Au niveau des postes nominatifs et \u00e9lectifs, plusieurs femmes sont propos\u00e9es tant au niveau du secteur priv\u00e9 que du secteur public.<\/p>\n<p>Plusieurs organisations professionnelles des m\u00e9dias, notamment l&rsquo;Union nationale des journalistes de C\u00f4te d&rsquo;Ivoire (UNJCI) et \u00a0R\u00e9seau des professionnels de la presse en ligne de C\u00f4te d&rsquo;Ivoire (REPPRELCI) sont partenaires de cet atelier de formation.<\/p>\n<p>Cet article <a rel=\"nofollow\" href=\"https:\/\/www.journalducameroun.com\/media-ivoirien-le-ministere-de-la-femme-veut-instaurer-un-prix-sur-le-genre\/\">M\u00e9dia ivoirien: le minist\u00e8re de la Femme veut instaurer un prix sur le genre<\/a> est apparu en premier sur <a rel=\"nofollow\" href=\"https:\/\/www.journalducameroun.com\/\">Journal du Cameroun<\/a>.<\/p>\n<\/div>\n<p>Auteur: APA News<br \/>\n<a href=\"https:\/\/www.journalducameroun.com\/media-ivoirien-le-ministere-de-la-femme-veut-instaurer-un-prix-sur-le-genre\/\">Cliquez ici pour lire l&rsquo;article depuis sa source.<\/a><\/p>\n","protected":false},"excerpt":{"rendered":"<p>Le minist\u00e8re ivoirien de la Femme, de la famille et de l&rsquo;enfant envisage d&rsquo;instaurer un prix sur le genre dans le secteur des m\u00e9dias afin d&rsquo;encourager les productions sur le genre, a annonc\u00e9 lundi Mme Cissoko \u00e9pouse Sylla Haliath, inspecteur technique dudit minist\u00e8re. Mme Cissoko \u00e9pouse Sylla Haliath, s&rsquo;exprimait \u00e0 l&rsquo;ouverture d&rsquo;un atelier de formation [&hellip;]<\/p>\n","protected":false},"author":1965,"featured_media":0,"comment_status":"closed","ping_status":"closed","sticky":false,"template":"","format":"standard","meta":{"fifu_image_url":"https:\/\/www.journalducameroun.com\/wp-content\/uploads\/2021\/09\/16315570824946.jpg","fifu_image_alt":"M\u00e9dia ivoirien: le minist\u00e8re de la Femme veut instaurer un prix sur le genre","footnotes":""},"categories":[73,82],"tags":[],"class_list":["post-126973","post","type-post","status-publish","format-standard","hentry","category-actualite","category-cameroun"],"_links":{"self":[{"href":"https:\/\/linitiative.ca\/International\/wp-json\/wp\/v2\/posts\/126973","targetHints":{"allow":["GET"]}}],"collection":[{"href":"https:\/\/linitiative.ca\/International\/wp-json\/wp\/v2\/posts"}],"about":[{"href":"https:\/\/linitiative.ca\/International\/wp-json\/wp\/v2\/types\/post"}],"author":[{"embeddable":true,"href":"https:\/\/linitiative.ca\/International\/wp-json\/wp\/v2\/users\/1965"}],"replies":[{"embeddable":true,"href":"https:\/\/linitiative.ca\/International\/wp-json\/wp\/v2\/comments?post=126973"}],"version-history":[{"count":0,"href":"https:\/\/linitiative.ca\/International\/wp-json\/wp\/v2\/posts\/126973\/revisions"}],"wp:attachment":[{"href":"https:\/\/linitiative.ca\/International\/wp-json\/wp\/v2\/media?parent=126973"}],"wp:term":[{"taxonomy":"category","embeddable":true,"href":"https:\/\/linitiative.ca\/International\/wp-json\/wp\/v2\/categories?post=126973"},{"taxonomy":"post_tag","embeddable":true,"href":"https:\/\/linitiative.ca\/International\/wp-json\/wp\/v2\/tags?post=126973"}],"curies":[{"name":"wp","href":"https:\/\/api.w.org\/{rel}","templated":true}]}}