{"id":126975,"date":"2021-09-13T14:18:02","date_gmt":"2021-09-13T18:18:02","guid":{"rendered":"https:\/\/linitiative.ca\/International\/burkina-275-000-personnes-contraintes-de-fuir-les-violences\/"},"modified":"2021-09-13T14:18:02","modified_gmt":"2021-09-13T18:18:02","slug":"burkina-275-000-personnes-contraintes-de-fuir-les-violences","status":"publish","type":"post","link":"https:\/\/linitiative.ca\/International\/burkina-275-000-personnes-contraintes-de-fuir-les-violences\/","title":{"rendered":"Burkina: 275.000 personnes contraintes de fuir les violences"},"content":{"rendered":"<div>\n<p><img loading=\"lazy\" decoding=\"async\" width=\"600\" height=\"400\" src=\"https:\/\/linitiative.ca\/International\/wp-content\/uploads\/sites\/23\/2021\/09\/16315570821284.jpg\" class=\"attachment-post-thumbnail size-post-thumbnail wp-post-image\" alt=\"\" srcset=\"https:\/\/linitiative.ca\/International\/wp-content\/uploads\/sites\/23\/2021\/09\/16315570821284.jpg 600w, https:\/\/www.journalducameroun.com\/wp-content\/uploads\/2021\/09\/16315570821284-300x200.jpg 300w\" sizes=\"auto, (max-width: 600px) 100vw, 600px\"><\/p>\n<p>Le Conseil norv\u00e9gien pour les r\u00e9fugi\u00e9s (NRC, sigle anglais), dans un communiqu\u00e9 parvenu lundi \u00e0 APA, tire la sonnette d&rsquo;alarme et pointe du doigt l&rsquo;augmentation de la violence et la \u00ab lente et insuffisante r\u00e9ponse humanitaire \u00bb pour expliquer ce regain des d\u00e9placements.Les d\u00e9placements internes reprennent de plus belle au Burkina Faso. Selon le NRC, \u00a0en moyenne, 13 000 personnes par semaine ont \u00e9t\u00e9 forc\u00e9es \u00e0 fuir leur foyer depuis avril. Les autorit\u00e9s gouvernementales charg\u00e9es d&rsquo;enregistrer les populations affect\u00e9es ont du mal \u00e0 g\u00e9rer un nombre toujours croissant de d\u00e9plac\u00e9s, alerte l&rsquo;organisme.<\/p>\n<p>Partant de ce constat, les organisations humanitaires demandent, depuis le mois de juin, que l&rsquo;enregistrement et le partage d&rsquo;informations se fassent dans un d\u00e9lai maximum d&rsquo;une semaine.<\/p>\n<p>\u00ab Nous demandons au gouvernement de nous laisser intervenir et d&rsquo;apporter notre soutien. Les organisations de secours ont la capacit\u00e9 d&rsquo;aider les personnes dans les zones les plus inaccessibles o\u00f9 l&rsquo;aide est urgente, en compl\u00e9ment du travail essentiel des autorit\u00e9s \u00bb, a d\u00e9clar\u00e9 le directeur du NRC au Burkina Faso, Manenji Mangundu, cit\u00e9 par le communiqu\u00e9.<\/p>\n<p>Par ailleurs, souligne la note, la lenteur et l&rsquo;insuffisance de la r\u00e9ponse humanitaire contraignent les populations \u00e0 choisir entre l&rsquo;ins\u00e9curit\u00e9 et la faim.<\/p>\n<p>\u00ab Malgr\u00e9 la recrudescence du conflit, la r\u00e9ponse humanitaire visant \u00e0 aider les personnes dans le besoin prend beaucoup de retard. Une grave carence dans le financement de l&rsquo;aide, combin\u00e9e \u00e0 un manque de capacit\u00e9 des autorit\u00e9s locales, emp\u00eache les organisations humanitaires comme la n\u00f4tre de r\u00e9agir \u00e0 temps \u00bb, a d\u00e9plor\u00e9 M. Mangundu.<\/p>\n<p>La r\u00e9ponse humanitaire pour le pays en 2021 requiert quelque 607 millions USD. Il n&rsquo;est financ\u00e9 qu&rsquo;\u00e0 hauteur de 24 % \u00e0 ce jour, d\u00e9plore l&rsquo;organisation norv\u00e9gienne.<\/p>\n<p>Selon l&rsquo;organe humanitaire du gouvernement, le CONASUR, plus de 1,4 million de personnes sont d\u00e9plac\u00e9es \u00e0 l&rsquo;int\u00e9rieur du Burkina Faso. Il estime \u00e9galement que 4,8 millions de personnes sont en situation d&rsquo;ins\u00e9curit\u00e9 alimentaire et 2,9 millions de personnes en situation d&rsquo;ins\u00e9curit\u00e9 alimentaire aigu\u00eb.<\/p>\n<p>Pour le Conseil Norv\u00e9gien pour les R\u00e9fugi\u00e9s, le fait de ne pas r\u00e9pondre aux besoins humanitaires urgents oblige les familles vuln\u00e9rables \u00e0 faire un choix impossible entre nourrir leurs enfants et leur propre s\u00e9curit\u00e9. \u00ab De nombreuses personnes disent au NRC qu&rsquo;elles veulent rentrer chez elles pour acc\u00e9der \u00e0 leurs stocks de nourriture, malgr\u00e9 le risque d&rsquo;attaques \u00bb, rapporte le communiqu\u00e9.<\/p>\n<p>D&rsquo;autres familles font, selon le NRC, un choix diff\u00e9rent mais tout aussi douloureux : rester dans une zone assi\u00e9g\u00e9e o\u00f9 les p\u00e9nuries de nourriture sont devenues si critiques qu&rsquo;il n&rsquo;y a que des feuilles \u00e0 manger ou bien marcher pendant plusieurs jours \u00e0 la recherche de nourriture et risquer de se faire attaquer.<\/p>\n<p>Ces derni\u00e8res semaines, soutient l&rsquo;organisme humanitaire, des dizaines de femmes de la ville de Mansila (r\u00e9gion du Sahel) ont parcouru 40 kilom\u00e8tres \u00e0 pied jusqu&rsquo;\u00e0 la ville de Sebba (R\u00e9gion du Sahel) avec leurs enfants \u00e0 la recherche de nourriture, mais elles n&rsquo;ont re\u00e7u aucune aide depuis leur fuite.<\/p>\n<p>\u00ab La faim vous fait crier \u00e0 l&rsquo;aide mais personne ne vient. Les gens ont l&rsquo;impression de ne plus faire partie du Burkina Faso. Nous avons le sentiment de ne pas \u00eatre dignes d&rsquo;\u00eatre aid\u00e9s \u00bb, a d\u00e9clar\u00e9 Band\u00e9, une m\u00e8re qui vient de s&rsquo;\u00e9chapper de Mansila et cit\u00e9e dans le document.<\/p>\n<p>\u00ab Si le choix est de mourir en route ou de mourir de faim \u00e0 Mansila, mieux vaut au moins mourir en essayant de sortir \u00bb, a-t-elle ajout\u00e9.<\/p>\n<p>Cet article <a rel=\"nofollow\" href=\"https:\/\/www.journalducameroun.com\/burkina-275-000-personnes-contraintes-de-fuir-les-violences\/\">Burkina: 275.000 personnes contraintes de fuir les violences<\/a> est apparu en premier sur <a rel=\"nofollow\" href=\"https:\/\/www.journalducameroun.com\/\">Journal du Cameroun<\/a>.<\/p>\n<\/div>\n<p>Auteur: APA News<br \/>\n<a href=\"https:\/\/www.journalducameroun.com\/burkina-275-000-personnes-contraintes-de-fuir-les-violences\/\">Cliquez ici pour lire l&rsquo;article depuis sa source.<\/a><\/p>\n","protected":false},"excerpt":{"rendered":"<p>Le Conseil norv\u00e9gien pour les r\u00e9fugi\u00e9s (NRC, sigle anglais), dans un communiqu\u00e9 parvenu lundi \u00e0 APA, tire la sonnette d&rsquo;alarme et pointe du doigt l&rsquo;augmentation de la violence et la \u00ab lente et insuffisante r\u00e9ponse humanitaire \u00bb pour expliquer ce regain des d\u00e9placements.Les d\u00e9placements internes reprennent de plus belle au Burkina Faso. Selon le NRC, [&hellip;]<\/p>\n","protected":false},"author":1965,"featured_media":0,"comment_status":"closed","ping_status":"closed","sticky":false,"template":"","format":"standard","meta":{"fifu_image_url":"https:\/\/www.journalducameroun.com\/wp-content\/uploads\/2021\/09\/16315570821284.jpg","fifu_image_alt":"Burkina: 275.000 personnes contraintes de fuir les violences","footnotes":""},"categories":[73,82],"tags":[],"class_list":["post-126975","post","type-post","status-publish","format-standard","hentry","category-actualite","category-cameroun"],"_links":{"self":[{"href":"https:\/\/linitiative.ca\/International\/wp-json\/wp\/v2\/posts\/126975","targetHints":{"allow":["GET"]}}],"collection":[{"href":"https:\/\/linitiative.ca\/International\/wp-json\/wp\/v2\/posts"}],"about":[{"href":"https:\/\/linitiative.ca\/International\/wp-json\/wp\/v2\/types\/post"}],"author":[{"embeddable":true,"href":"https:\/\/linitiative.ca\/International\/wp-json\/wp\/v2\/users\/1965"}],"replies":[{"embeddable":true,"href":"https:\/\/linitiative.ca\/International\/wp-json\/wp\/v2\/comments?post=126975"}],"version-history":[{"count":0,"href":"https:\/\/linitiative.ca\/International\/wp-json\/wp\/v2\/posts\/126975\/revisions"}],"wp:attachment":[{"href":"https:\/\/linitiative.ca\/International\/wp-json\/wp\/v2\/media?parent=126975"}],"wp:term":[{"taxonomy":"category","embeddable":true,"href":"https:\/\/linitiative.ca\/International\/wp-json\/wp\/v2\/categories?post=126975"},{"taxonomy":"post_tag","embeddable":true,"href":"https:\/\/linitiative.ca\/International\/wp-json\/wp\/v2\/tags?post=126975"}],"curies":[{"name":"wp","href":"https:\/\/api.w.org\/{rel}","templated":true}]}}