{"id":126977,"date":"2021-09-13T08:28:19","date_gmt":"2021-09-13T12:28:19","guid":{"rendered":"https:\/\/linitiative.ca\/International\/banque-mondiale-ousmane-diagana-est-en-visite-de-travail-au-cameroun\/"},"modified":"2021-09-13T08:28:19","modified_gmt":"2021-09-13T12:28:19","slug":"banque-mondiale-ousmane-diagana-est-en-visite-de-travail-au-cameroun","status":"publish","type":"post","link":"https:\/\/linitiative.ca\/International\/banque-mondiale-ousmane-diagana-est-en-visite-de-travail-au-cameroun\/","title":{"rendered":"Banque mondiale : Ousmane Diagana est en visite de travail au Cameroun"},"content":{"rendered":"<div>\n<p>Du 12 au 15 septembre, le Cameroun accueille dans le cadre de sa coop\u00e9ration avec la Banque mondiale, un h\u00f4te de marque. Il s\u2019agit du vice-pr\u00e9sident de cette institution, pour l\u2019Afrique centrale et de l\u2019Ouest, Ousmane Diagana. L\u2019agenda du repr\u00e9sentant de l\u2019institution financi\u00e8re pr\u00e9voit des rencontres avec les autorit\u00e9s gouvernementales dont le ministre de l\u2019Economie, de la planification et de l\u2019am\u00e9nagement du territoire\u00a0; des \u00e9changes avec les partenaires au d\u00e9veloppement\u00a0; une revue du portefeuille de la Banque mondiale au Cameroun et la signature de quatre conventions de financement. Plus pr\u00e9cis\u00e9ment, il s\u2019agit de pr\u00eats concessionnel d\u2019un montant global de 631,9 millions d\u2019euros, soit environ 414,5 milliards de Fcfa. Montant destin\u00e9 \u00e0 quatre projets\u00a0: le projet d\u2019am\u00e9nagement et de valorisation des investissements dans la vall\u00e9e de la Benoue\u00a0; le projet r\u00e9gional sur l\u2019autonomisation de la femme et le dividende d\u00e9mographique volet Cameroun\u00a0; le projet d\u2019appui au d\u00e9veloppement de l\u2019enseignement secondaire et des comp\u00e9tences pour la croissance et l\u2019emploi et le projet d\u2019interconnexion \u00e0 Yaound\u00e9 des r\u00e9seaux \u00e9lectriques du Cameroun et du Tchad.<\/p>\n<p><strong>Lire aussi<\/strong> : <strong><a href=\"https:\/\/ecomatin.net\/les-prets-engages-par-la-banque-mondiale-mais-non-decaisses-par-le-cameroun-selevent-a-655-milliards-en-2021\/\">Les pr\u00eats engag\u00e9s par la Banque mondiale, mais non d\u00e9caiss\u00e9s par le Cameroun, s\u2019\u00e9l\u00e8vent \u00e0 655 milliards en 2021<\/a><\/strong><\/p>\n<p>Sur le point pr\u00e9cis de la revue du portefeuille, indiquons que du 24 au 25 mars dernier, se sont tenus les travaux de la revue annuelle conjointe du portefeuille de coop\u00e9ration entre le Cameroun et la Banque mondiale. Au sortir de cette rencontre l\u2019on notait que le portefeuille actif de la Banque mondiale au Cameroun s\u2019\u00e9l\u00e8ve \u00e0 environ 2,54 milliards de dollars, soit 1\u00a0411,004 milliards de Fcfa, pour 20 projets actifs qui s\u2019alignent sur les objectifs de la Strat\u00e9gie Nationale de D\u00e9veloppement 2020-2030. Ce portefeuille est r\u00e9parti entre les secteurs des infrastructures avec 54% de l\u2019enveloppe, du d\u00e9veloppement rural 12%, de la sant\u00e9 9,7%, de la gouvernance 8,8%, de l\u2019\u00e9ducation 7,7%, du d\u00e9veloppement social 3,6% et de l\u2019industrie et services 3,4%.<\/p>\n<p><strong>Lire aussi<\/strong> : <strong><a href=\"https:\/\/ecomatin.net\/appui-budgetaire-la-banque-mondiale-accorde-un-pret-de-54182-milliards-au-cameroun\/\">Appui budg\u00e9taire : la Banque mondiale accorde un pr\u00eat de 54,182 milliards au Cameroun<\/a><\/strong><\/p>\n<p>Notons par ailleurs que, le mauritanien, Ousmane Diagana, devra se rendre par la suite en r\u00e9publique Centrafricaine du 15 au 17 septembre. O\u00f9 il rencontrera aussi les autorit\u00e9s centrafricaines, les partenaires du d\u00e9veloppement, ainsi que des acteurs de la soci\u00e9t\u00e9 civile et du secteur priv\u00e9.<\/p>\n<p>L\u2019article <a rel=\"nofollow\" href=\"https:\/\/ecomatin.net\/banque-mondiale-ousmane-diagana-est-en-visite-de-travail-au-cameroun\/\">Banque mondiale : Ousmane Diagana est en visite de travail au Cameroun<\/a> est apparu en premier sur <a rel=\"nofollow\" href=\"https:\/\/ecomatin.net\/\">EcoMatin<\/a>.<\/p>\n<\/div>\n<p>Auteur: Cindy MBALA<br \/>\n<a href=\"https:\/\/ecomatin.net\/banque-mondiale-ousmane-diagana-est-en-visite-de-travail-au-cameroun\/\">Cliquez ici pour lire l&rsquo;article depuis sa source.<\/a><\/p>\n","protected":false},"excerpt":{"rendered":"<p>Du 12 au 15 septembre, le Cameroun accueille dans le cadre de sa coop\u00e9ration avec la Banque mondiale, un h\u00f4te de marque. Il s\u2019agit du vice-pr\u00e9sident de cette institution, pour l\u2019Afrique centrale et de l\u2019Ouest, Ousmane Diagana. L\u2019agenda du repr\u00e9sentant de l\u2019institution financi\u00e8re pr\u00e9voit des rencontres avec les autorit\u00e9s gouvernementales dont le ministre de l\u2019Economie, [&hellip;]<\/p>\n","protected":false},"author":1969,"featured_media":0,"comment_status":"closed","ping_status":"closed","sticky":false,"template":"","format":"standard","meta":{"fifu_image_url":"","fifu_image_alt":"","footnotes":""},"categories":[82,78],"tags":[],"class_list":["post-126977","post","type-post","status-publish","format-standard","hentry","category-cameroun","category-economie"],"_links":{"self":[{"href":"https:\/\/linitiative.ca\/International\/wp-json\/wp\/v2\/posts\/126977","targetHints":{"allow":["GET"]}}],"collection":[{"href":"https:\/\/linitiative.ca\/International\/wp-json\/wp\/v2\/posts"}],"about":[{"href":"https:\/\/linitiative.ca\/International\/wp-json\/wp\/v2\/types\/post"}],"author":[{"embeddable":true,"href":"https:\/\/linitiative.ca\/International\/wp-json\/wp\/v2\/users\/1969"}],"replies":[{"embeddable":true,"href":"https:\/\/linitiative.ca\/International\/wp-json\/wp\/v2\/comments?post=126977"}],"version-history":[{"count":0,"href":"https:\/\/linitiative.ca\/International\/wp-json\/wp\/v2\/posts\/126977\/revisions"}],"wp:attachment":[{"href":"https:\/\/linitiative.ca\/International\/wp-json\/wp\/v2\/media?parent=126977"}],"wp:term":[{"taxonomy":"category","embeddable":true,"href":"https:\/\/linitiative.ca\/International\/wp-json\/wp\/v2\/categories?post=126977"},{"taxonomy":"post_tag","embeddable":true,"href":"https:\/\/linitiative.ca\/International\/wp-json\/wp\/v2\/tags?post=126977"}],"curies":[{"name":"wp","href":"https:\/\/api.w.org\/{rel}","templated":true}]}}