{"id":126988,"date":"2021-09-14T09:00:04","date_gmt":"2021-09-14T13:00:04","guid":{"rendered":"https:\/\/linitiative.ca\/International\/casablanca-2-ans-de-prison-ferme-pour-un-escroc-recidiviste\/"},"modified":"2021-09-14T09:00:04","modified_gmt":"2021-09-14T13:00:04","slug":"casablanca-2-ans-de-prison-ferme-pour-un-escroc-recidiviste","status":"publish","type":"post","link":"https:\/\/linitiative.ca\/International\/casablanca-2-ans-de-prison-ferme-pour-un-escroc-recidiviste\/","title":{"rendered":"Casablanca :  2 ans de prison ferme pour un escroc r\u00e9cidiviste"},"content":{"rendered":"<div>\n<p><img decoding=\"async\" width=\"300\" height=\"153\" src=\"https:\/\/linitiative.ca\/International\/wp-content\/uploads\/sites\/23\/2021\/09\/Prison-300x153-1.jpg\" class=\"attachment-medium size-medium wp-post-image\" alt=\"\" loading=\"lazy\" srcset=\"\/\/aujourdhui.ma\/wp-content\/uploads\/2020\/02\/Prison-300x153.jpg 300w, \/\/aujourdhui.ma\/wp-content\/uploads\/2020\/02\/Prison.jpg 746w\" sizes=\"auto, (max-width: 300px) 100vw, 300px\"><\/p>\n<p><strong>A l\u2019instar de la majorit\u00e9 des escrocs, ce p\u00e8re de famille, quadrag\u00e9naire, nie devant le juge de la chambre correctionnelle pr\u00e8s le tribunal de premi\u00e8re instance de Casablanca avoir filout\u00e9 qui que ce soit.<\/strong><span id=\"more-386596\"><\/span><\/p>\n<p>Il explique qu\u2019il a rompu avec le pass\u00e9 et qu\u2019il s\u2019est repenti depuis sa derni\u00e8re sortie de prison apr\u00e8s y avoir purg\u00e9 une peine de dix-huit mois. Mais qui a pouss\u00e9 ces personnes \u00e0 porter plainte contre lui ? C\u2019est la question \u00e9vidente que lu pose le juge. Pour toute r\u00e9ponse, le suspect p\u00e8re de trois enfants, se contente de dire : \u00abJe ne sais pas\u00bb. Toutefois, le proc\u00e8s-verbal de son audition mentionne qu\u2019il a tout avou\u00e9 devant les \u00e9l\u00e9ments de la police judiciaire. Il leur a affirm\u00e9 qu\u2019il a arnaqu\u00e9 plusieurs personnes dont quelques-unes qui ont pr\u00e9f\u00e9r\u00e9 ne pas porter plainte. A ce propos, il avait promis \u00e0 certaines victimes de les recruter dans des \u00e9tablissements publics et \u00e0 d\u2019autres de les aider \u00e0 immigrer vers l\u2019Europe. Il leur proposait \u00e9galement diff\u00e9rents services, et ce contre des sommes allant de cinq mille \u00e0 vingt mille dirhams. Mais une fois l\u2019argent en poche il disparaissait dans la nature.<\/p>\n<p>Prenant la parole, le substitut du procureur du Roi a requis la peine maximale contre lui en se fondant sur ses deux ant\u00e9c\u00e9dents judiciaires qui lui ont co\u00fbt\u00e9 respectivement huit mois et dix-huit mois de prison ferme. Quant \u00e0 l\u2019avocat de la d\u00e9fense, il a r\u00e9clam\u00e9 son acquittement en se basant sur les disculpations de son client tout en confirmant qu\u2019il a chang\u00e9 depuis qu\u2019il a quitt\u00e9 la prison.<br \/>\nJug\u00e9 coupable pour escroquerie avec r\u00e9cidive, il a \u00e9t\u00e9 condamn\u00e9 \u00e0 deux ans de prison ferme.<\/p>\n<\/div>\n<p>Auteur: Abderrafii ALOUMLIKI<br \/>\n<a href=\"https:\/\/aujourdhui.ma\/faits-divers\/casablanca-2-ans-de-prison-ferme-pour-un-escroc-recidiviste-5\">Cliquez ici pour lire l&rsquo;article depuis sa source.<\/a><\/p>\n","protected":false},"excerpt":{"rendered":"<p>A l\u2019instar de la majorit\u00e9 des escrocs, ce p\u00e8re de famille, quadrag\u00e9naire, nie devant le juge de la chambre correctionnelle pr\u00e8s le tribunal de premi\u00e8re instance de Casablanca avoir filout\u00e9 qui que ce soit. Il explique qu\u2019il a rompu avec le pass\u00e9 et qu\u2019il s\u2019est repenti depuis sa derni\u00e8re sortie de prison apr\u00e8s y avoir [&hellip;]<\/p>\n","protected":false},"author":1759,"featured_media":0,"comment_status":"closed","ping_status":"closed","sticky":false,"template":"","format":"standard","meta":{"fifu_image_url":"https:\/\/aujourdhui.ma\/wp-content\/uploads\/2020\/02\/Prison-300x153.jpg","fifu_image_alt":"Casablanca :  2 ans de prison ferme pour un escroc r\u00e9cidiviste","footnotes":""},"categories":[73,54],"tags":[],"class_list":["post-126988","post","type-post","status-publish","format-standard","hentry","category-actualite","category-maroc"],"_links":{"self":[{"href":"https:\/\/linitiative.ca\/International\/wp-json\/wp\/v2\/posts\/126988","targetHints":{"allow":["GET"]}}],"collection":[{"href":"https:\/\/linitiative.ca\/International\/wp-json\/wp\/v2\/posts"}],"about":[{"href":"https:\/\/linitiative.ca\/International\/wp-json\/wp\/v2\/types\/post"}],"author":[{"embeddable":true,"href":"https:\/\/linitiative.ca\/International\/wp-json\/wp\/v2\/users\/1759"}],"replies":[{"embeddable":true,"href":"https:\/\/linitiative.ca\/International\/wp-json\/wp\/v2\/comments?post=126988"}],"version-history":[{"count":0,"href":"https:\/\/linitiative.ca\/International\/wp-json\/wp\/v2\/posts\/126988\/revisions"}],"wp:attachment":[{"href":"https:\/\/linitiative.ca\/International\/wp-json\/wp\/v2\/media?parent=126988"}],"wp:term":[{"taxonomy":"category","embeddable":true,"href":"https:\/\/linitiative.ca\/International\/wp-json\/wp\/v2\/categories?post=126988"},{"taxonomy":"post_tag","embeddable":true,"href":"https:\/\/linitiative.ca\/International\/wp-json\/wp\/v2\/tags?post=126988"}],"curies":[{"name":"wp","href":"https:\/\/api.w.org\/{rel}","templated":true}]}}