{"id":126992,"date":"2021-09-13T14:00:00","date_gmt":"2021-09-13T18:00:00","guid":{"rendered":"https:\/\/linitiative.ca\/International\/nadal-sort-du-top-5-alcaraz-dans-le-top-40-apres-lus-open\/"},"modified":"2021-09-13T14:00:00","modified_gmt":"2021-09-13T18:00:00","slug":"nadal-sort-du-top-5-alcaraz-dans-le-top-40-apres-lus-open","status":"publish","type":"post","link":"https:\/\/linitiative.ca\/International\/nadal-sort-du-top-5-alcaraz-dans-le-top-40-apres-lus-open\/","title":{"rendered":"Nadal sort du top 5, Alcaraz dans le top 40 apr\u00e8s l\u2019US Open"},"content":{"rendered":"<div>\n<p class=\"has-text-align-center has-vivid-red-color has-text-color\"><strong>Classement ATP<\/strong><\/p>\n<p class=\"has-black-color has-text-color\"><strong>Tous deux absents \u00e0 l\u2019US Open, Rafael Nadal et Dominic Thiem ont tous deux recul\u00e9 au classement ATP, respectivement d\u2019une et deux places, alors que Carlos Alcaraz grimpe lui de 17 places apr\u00e8s son quart de finale.<\/strong><\/p>\n<p class=\"has-black-color has-text-color\">A 18 ans, le jeune Espagnol, sensation de l\u2019US Open stopp\u00e9 en quart par une blessure qui l\u2019a contraint \u00e0 l\u2019abandon, pointe d\u00e9sormais dans le top 40, \u00e0 la 38e place de la hi\u00e9rarchie mondiale.<\/p>\n<p class=\"has-black-color has-text-color\">Le Canadien Felix Auger-Aliassime, qui est arriv\u00e9 en demies, gagne lui quatre places et est d\u00e9sormais \u00e0 un rang du top 10.<\/p>\n<p class=\"has-black-color has-text-color\">Nadal, bless\u00e9 au pied et qui a mis un terme \u00e0 sa saison 2021, sort lui du top 5 (6e), tandis que Thiem, vainqueur l\u2019an dernier \u00e0 New York mais forfait cette ann\u00e9e en raison d\u2019une blessure au poignet, pointe d\u00e9sormais en 8e position.<\/p>\n<p class=\"has-black-color has-text-color\">La t\u00eate du classement mondial reste elle inchang\u00e9e, la victoire de Daniil Medvedev \u00e0 l\u2019US Open le laissant toujours \u00e0 la 2e place, encore loin derri\u00e8re son adversaire malheureux de la finale, le N.1 mondial Novak Djokovic.<\/p>\n<p class=\"has-black-color has-text-color\">Parmi les belles op\u00e9rations, il faut \u00e9galement noter les belles mont\u00e9es des quarts de finaliste du Grand Chelem am\u00e9ricain, Botic van de Zandschulp, sorti des qualifications et qui gagne 55 places pour \u00eatre d\u00e9sormais 62e mondial, et de Lloyd Harris qui monte de 15 places, d\u00e9sormais tout pr\u00e8s du top 30 (31e, \u00e0 huit points de David Goffin, 30e).<\/p>\n<p>L\u2019article <a rel=\"nofollow\" href=\"http:\/\/albayane.press.ma\/nadal-sort-du-top-5-alcaraz-dans-le-top-40-apres-lus-open.html\">Nadal sort du top 5, Alcaraz dans le top 40 apr\u00e8s l\u2019US Open<\/a> est apparu en premier sur <a rel=\"nofollow\" href=\"http:\/\/albayane.press.ma\/\">ALBAYANE<\/a>.<\/p>\n<\/div>\n<p>Auteur: M&rsquo;hammed rahal<br \/>\n<a href=\"http:\/\/albayane.press.ma\/nadal-sort-du-top-5-alcaraz-dans-le-top-40-apres-lus-open.html\">Cliquez ici pour lire l&rsquo;article depuis sa source.<\/a><\/p>\n","protected":false},"excerpt":{"rendered":"<p>Classement ATP Tous deux absents \u00e0 l\u2019US Open, Rafael Nadal et Dominic Thiem ont tous deux recul\u00e9 au classement ATP, respectivement d\u2019une et deux places, alors que Carlos Alcaraz grimpe lui de 17 places apr\u00e8s son quart de finale. A 18 ans, le jeune Espagnol, sensation de l\u2019US Open stopp\u00e9 en quart par une blessure [&hellip;]<\/p>\n","protected":false},"author":1760,"featured_media":0,"comment_status":"closed","ping_status":"closed","sticky":false,"template":"","format":"standard","meta":{"fifu_image_url":"","fifu_image_alt":"","footnotes":""},"categories":[73,54],"tags":[],"class_list":["post-126992","post","type-post","status-publish","format-standard","hentry","category-actualite","category-maroc"],"_links":{"self":[{"href":"https:\/\/linitiative.ca\/International\/wp-json\/wp\/v2\/posts\/126992","targetHints":{"allow":["GET"]}}],"collection":[{"href":"https:\/\/linitiative.ca\/International\/wp-json\/wp\/v2\/posts"}],"about":[{"href":"https:\/\/linitiative.ca\/International\/wp-json\/wp\/v2\/types\/post"}],"author":[{"embeddable":true,"href":"https:\/\/linitiative.ca\/International\/wp-json\/wp\/v2\/users\/1760"}],"replies":[{"embeddable":true,"href":"https:\/\/linitiative.ca\/International\/wp-json\/wp\/v2\/comments?post=126992"}],"version-history":[{"count":0,"href":"https:\/\/linitiative.ca\/International\/wp-json\/wp\/v2\/posts\/126992\/revisions"}],"wp:attachment":[{"href":"https:\/\/linitiative.ca\/International\/wp-json\/wp\/v2\/media?parent=126992"}],"wp:term":[{"taxonomy":"category","embeddable":true,"href":"https:\/\/linitiative.ca\/International\/wp-json\/wp\/v2\/categories?post=126992"},{"taxonomy":"post_tag","embeddable":true,"href":"https:\/\/linitiative.ca\/International\/wp-json\/wp\/v2\/tags?post=126992"}],"curies":[{"name":"wp","href":"https:\/\/api.w.org\/{rel}","templated":true}]}}